{"id":10182,"date":"2019-12-12T09:00:39","date_gmt":"2019-12-12T08:00:39","guid":{"rendered":"https:\/\/firagran.com\/?p=10182"},"modified":"2019-12-09T12:24:37","modified_gmt":"2019-12-09T11:24:37","slug":"sentimientos-blaugranes-para-estimular-la-memoria","status":"publish","type":"post","link":"https:\/\/firagran.com\/es\/sentimientos-blaugranes-para-estimular-la-memoria\/","title":{"rendered":"Sentimientos blaugranas para estimular la memoria"},"content":{"rendered":"<p>La <strong>Agrupaci\u00f3n Bar\u00e7a Jugadores<\/strong> hace talleres con personas de edad avanzada que tienen deterioro cognitivo<\/p>\n<p>\u00bfQu\u00e9 amante del Bar\u00e7a no recuerda una noche especial en el estadio? \u00bfQuien no asocia un \u00e9xito del equipo que apreci\u00f3 en un momento determinado de su vida? El f\u00fatbol, la pasi\u00f3n por unos colores, y los recuerdos que quedan de experiencias vividas pueden ser una herramienta muy potente para estimular la memoria. Como tambi\u00e9n lo pueden ser la m\u00fasica y tantas otras cosas que asociamos a los sentimientos y que tienen la capacidad de transportarnos en el tiempo.<\/p>\n<p>Con estos est\u00edmulos trabaja la Agrupaci\u00f3n Bar\u00e7a Jugadores en var\u00edas residencias, se trata de unos talleres de reminiscencia para personas de avanzada edad que sufren deterioro cognitivo. El objetivo principal de los talleres consiste en estimular la memoria a partir de sesiones amenas en que se busca, en todo momento, contar con un rol activo de los participantes. Del mismo modo que los recuerdos del pasado y las emociones florecen, nacen nuevas amistades entre los participantes, a menudo compa\u00f1eros de residencia, pero casi desconocidos hasta que comparten afinidades en estos talleres.<\/p>\n<p>Fuente: ara.cat<\/p>\n<p>Leer m\u00e1s: <a href=\"https:\/\/www.ara.cat\/esports\/barca\/Sentiments-blaugrana-estimular-memoria_0_2347565420.html\">https:\/\/www.ara.cat\/esports\/barca\/Sentiments-blaugrana-estimular-memoria_0_2347565420.html<\/a><\/p>\n","protected":false},"excerpt":{"rendered":"<p>La Agrupaci\u00f3n Bar\u00e7a Jugadores hace talleres con personas de edad avanzada que tienen deterioro cognitivo \u00bfQu\u00e9 amante del Bar\u00e7a no recuerda una noche especial en el estadio? \u00bfQuien no asocia un \u00e9xito del equipo que <a href=\"https:\/\/firagran.com\/es\/sentimientos-blaugranes-para-estimular-la-memoria\/\"> [&#8230;]<\/a><\/p>\n","protected":false},"author":2,"featured_media":10177,"comment_status":"closed","ping_status":"closed","sticky":false,"template":"","format":"standard","meta":{"footnotes":""},"categories":[83,82,75,28,81],"tags":[],"class_list":["post-10182","post","type-post","status-publish","format-standard","has-post-thumbnail","hentry","category-como-prevenir-el-deterioramiento-congnitivo","category-cuidar-la-salud","category-envejecimiento-activo","category-general-es","category-habitos-saludables"],"_links":{"self":[{"href":"https:\/\/firagran.com\/es\/wp-json\/wp\/v2\/posts\/10182","targetHints":{"allow":["GET"]}}],"collection":[{"href":"https:\/\/firagran.com\/es\/wp-json\/wp\/v2\/posts"}],"about":[{"href":"https:\/\/firagran.com\/es\/wp-json\/wp\/v2\/types\/post"}],"author":[{"embeddable":true,"href":"https:\/\/firagran.com\/es\/wp-json\/wp\/v2\/users\/2"}],"replies":[{"embeddable":true,"href":"https:\/\/firagran.com\/es\/wp-json\/wp\/v2\/comments?post=10182"}],"version-history":[{"count":4,"href":"https:\/\/firagran.com\/es\/wp-json\/wp\/v2\/posts\/10182\/revisions"}],"predecessor-version":[{"id":10186,"href":"https:\/\/firagran.com\/es\/wp-json\/wp\/v2\/posts\/10182\/revisions\/10186"}],"wp:featuredmedia":[{"embeddable":true,"href":"https:\/\/firagran.com\/es\/wp-json\/wp\/v2\/media\/10177"}],"wp:attachment":[{"href":"https:\/\/firagran.com\/es\/wp-json\/wp\/v2\/media?parent=10182"}],"wp:term":[{"taxonomy":"category","embeddable":true,"href":"https:\/\/firagran.com\/es\/wp-json\/wp\/v2\/categories?post=10182"},{"taxonomy":"post_tag","embeddable":true,"href":"https:\/\/firagran.com\/es\/wp-json\/wp\/v2\/tags?post=10182"}],"curies":[{"name":"wp","href":"https:\/\/api.w.org\/{rel}","templated":true}]}}