{"id":11213,"date":"2020-03-06T09:00:52","date_gmt":"2020-03-06T08:00:52","guid":{"rendered":"https:\/\/firagran.com\/?p=11213"},"modified":"2020-03-11T11:39:03","modified_gmt":"2020-03-11T10:39:03","slug":"vejez-y-sexualidad","status":"publish","type":"post","link":"https:\/\/firagran.com\/es\/vejez-y-sexualidad\/","title":{"rendered":"Vejez y sexualidad"},"content":{"rendered":"<p>Una de cada tres personas de m\u00e1s de 65 a\u00f1os ha tenido sexo los \u00faltimos 30 d\u00edas, seg\u00fan un estudio de la asociaci\u00f3n SIENA. Un dato que rompe el t\u00f3pico tan extendido que la vejez y la sexualidad no son compatibles.<\/p>\n<p>Para poner cara a la estad\u00edstica, el programa &#8220;Planta Baixa&#8221; de TV3, comparti\u00f3 una conversaci\u00f3n con cuatro mujeres de entre 67 y 75 a\u00f1os.<\/p>\n<p>A continuaci\u00f3n el enlace: <a href=\"https:\/\/www.ccma.cat\/tv3\/planta-baixa\/tinc-68-anys-i-vaig-tenir-sexe-ahir\/noticia\/2993703\/#.Xlg4qC6_Kls.email\">https:\/\/www.ccma.cat\/tv3\/planta-baixa\/tinc-68-anys-i-vaig-tenir-sexe-ahir\/noticia\/2993703\/#.Xlg4qC6_Kls.email<\/a><\/p>\n<p>Font: TV3<\/p>\n","protected":false},"excerpt":{"rendered":"<p>Una de cada tres personas de m\u00e1s de 65 a\u00f1os ha tenido sexo los \u00faltimos 30 d\u00edas, seg\u00fan un estudio de la asociaci\u00f3n SIENA. Un dato que rompe el t\u00f3pico tan extendido que la vejez <a href=\"https:\/\/firagran.com\/es\/vejez-y-sexualidad\/\"> [&#8230;]<\/a><\/p>\n","protected":false},"author":2,"featured_media":11210,"comment_status":"closed","ping_status":"closed","sticky":false,"template":"","format":"standard","meta":{"footnotes":""},"categories":[84],"tags":[],"class_list":["post-11213","post","type-post","status-publish","format-standard","has-post-thumbnail","hentry","category-mantener-una-sexualidad-saludable"],"_links":{"self":[{"href":"https:\/\/firagran.com\/es\/wp-json\/wp\/v2\/posts\/11213","targetHints":{"allow":["GET"]}}],"collection":[{"href":"https:\/\/firagran.com\/es\/wp-json\/wp\/v2\/posts"}],"about":[{"href":"https:\/\/firagran.com\/es\/wp-json\/wp\/v2\/types\/post"}],"author":[{"embeddable":true,"href":"https:\/\/firagran.com\/es\/wp-json\/wp\/v2\/users\/2"}],"replies":[{"embeddable":true,"href":"https:\/\/firagran.com\/es\/wp-json\/wp\/v2\/comments?post=11213"}],"version-history":[{"count":5,"href":"https:\/\/firagran.com\/es\/wp-json\/wp\/v2\/posts\/11213\/revisions"}],"predecessor-version":[{"id":11289,"href":"https:\/\/firagran.com\/es\/wp-json\/wp\/v2\/posts\/11213\/revisions\/11289"}],"wp:featuredmedia":[{"embeddable":true,"href":"https:\/\/firagran.com\/es\/wp-json\/wp\/v2\/media\/11210"}],"wp:attachment":[{"href":"https:\/\/firagran.com\/es\/wp-json\/wp\/v2\/media?parent=11213"}],"wp:term":[{"taxonomy":"category","embeddable":true,"href":"https:\/\/firagran.com\/es\/wp-json\/wp\/v2\/categories?post=11213"},{"taxonomy":"post_tag","embeddable":true,"href":"https:\/\/firagran.com\/es\/wp-json\/wp\/v2\/tags?post=11213"}],"curies":[{"name":"wp","href":"https:\/\/api.w.org\/{rel}","templated":true}]}}