{"id":11704,"date":"2020-04-20T09:00:10","date_gmt":"2020-04-20T07:00:10","guid":{"rendered":"https:\/\/firagran.com\/?p=11704"},"modified":"2020-04-16T11:28:41","modified_gmt":"2020-04-16T09:28:41","slug":"manifiesto-de-entidades-vinculadas-a-la-defensa-de-los-derechos-de-la-gente-mayor","status":"publish","type":"post","link":"https:\/\/firagran.com\/es\/manifiesto-de-entidades-vinculadas-a-la-defensa-de-los-derechos-de-la-gente-mayor\/","title":{"rendered":"Manifiesto de entidades vinculadas a la defensa de los derechos de la gente mayor"},"content":{"rendered":"<p>Ante la situaci\u00f3n de grave emergencia sanitaria que sufrimos en Catalu\u00f1a como consecuencia de la pandemia provocada por el\u00a0coronavirus, las entidades y las asociaciones vinculadas a la defensa de los derechos de la gente mayor manifestamos el siguiente:<\/p>\n<p>\u2014 Mediante las informaciones emitidas por las autoridades, el \u00e1mbito cient\u00edfico y los medios de comunicaci\u00f3n, conocemos los graves efectos que est\u00e1 provocando esta pandemia, especialmente en las personas grandes.<\/p>\n<p>\u2014 Las personas grandes, por razones de edad, sufrimos dolencias y patolog\u00edas cr\u00f3nicas que nos sit\u00faan, en estos momentos, como personas con alto riesgo de infectarnos y, consiguientemente, de contagiar nuestro entorno.<\/p>\n<p>\u2014 Muchas personas grandes, independientemente de si vivimos a residencias, en estancias temporales en centros sociosanitarios o en domicilios particulares, disponemos de servicios que, ya antes del estallido de la pandemia, ten\u00edan una dotaci\u00f3n de recursos insuficiente para garantizar un servicio digno a las personas usuarias.<\/p>\n<p>Por todo esto, PEDIMOS a todas las ADMINISTRACIONES P\u00daBLICAS dotadas de competencias (Ayuntamientos, Generalitat y Gobierno del Estado):<\/p>\n<p><strong>IMPLANTAR<\/strong> inmediatamente los protocolos adecuados para dar una atenci\u00f3n sanitaria completa y eficiente a la gente mayor, optimizando los recursos: transporte sanitario, asistencia sanitaria a los hogares y residencias, teleasistencia, servicio de atenci\u00f3n domiciliaria.<\/p>\n<p><strong>PROPORCIONAR <\/strong>todos los recursos profesionales y t\u00e9cnicos necesarios para afrontar esta situaci\u00f3n, as\u00ed como todos los equipos de protecci\u00f3n individual imprescindibles para las trabajadoras y trabajadores as\u00ed como para los familiares, el en torno a la persona enferma y la misma persona enferma.<\/p>\n<p><strong>ASEGURAR <\/strong>que los equipos de curas paliativas\u00a0(PADES)\u00a0presten asistencia a las personas que lo necesiten en su domicilio o en el centro residencial.<\/p>\n<p><strong>ASEGURAR<\/strong> que, en el supuesto que la dolencia lleve al final de la vida, la persona afectada pueda traspasar con dignidad y sin sufrimiento.<\/p>\n<p><strong>Las entidades y las asociaciones adheridas a este manifiesto expresamos nuestro reconocimiento Y agradecimiento a la tarea que est\u00e1n llevando a cabo el conjunto de profesionales que afrontan esta\u00a0situaci\u00f3n\u00a0de emergencia sanitaria y social.<\/p>\n<p><\/strong><\/p>\n<p><strong><em>De entre otras muchas entidades La Fundaci\u00f3n\u00a0FiraGran\u00a0est\u00e1 adherida a este manifiesto<\/em><\/strong><\/p>\n<p><strong><em>M\u00e1s informaci\u00f3n:<\/em><\/strong> <a href=\"https:\/\/elcugatenc.cat\/plataforma-pensionistes\/manifest-dentitats-vinculades-la-defensa-dels-drets-la-gent-gran\">https:\/\/elcugatenc.cat\/plataforma-pensionistes\/manifest-dentitats-vinculades-la-defensa-dels-drets-la-gent-gran<\/a><\/p>\n<p><strong><em>Fuente:<\/em><\/strong> <strong><em>elcugatenc.cat <\/em><\/strong><\/p>\n","protected":false},"excerpt":{"rendered":"<p>Ante la situaci\u00f3n de grave emergencia sanitaria que sufrimos en Catalu\u00f1a como consecuencia de la pandemia provocada por el\u00a0coronavirus, las entidades y las asociaciones vinculadas a la defensa de los derechos de la gente mayor <a href=\"https:\/\/firagran.com\/es\/manifiesto-de-entidades-vinculadas-a-la-defensa-de-los-derechos-de-la-gente-mayor\/\"> [&#8230;]<\/a><\/p>\n","protected":false},"author":2,"featured_media":11702,"comment_status":"closed","ping_status":"closed","sticky":false,"template":"","format":"standard","meta":{"footnotes":""},"categories":[28,85],"tags":[],"class_list":["post-11704","post","type-post","status-publish","format-standard","has-post-thumbnail","hentry","category-general-es","category-maltrato"],"_links":{"self":[{"href":"https:\/\/firagran.com\/es\/wp-json\/wp\/v2\/posts\/11704","targetHints":{"allow":["GET"]}}],"collection":[{"href":"https:\/\/firagran.com\/es\/wp-json\/wp\/v2\/posts"}],"about":[{"href":"https:\/\/firagran.com\/es\/wp-json\/wp\/v2\/types\/post"}],"author":[{"embeddable":true,"href":"https:\/\/firagran.com\/es\/wp-json\/wp\/v2\/users\/2"}],"replies":[{"embeddable":true,"href":"https:\/\/firagran.com\/es\/wp-json\/wp\/v2\/comments?post=11704"}],"version-history":[{"count":1,"href":"https:\/\/firagran.com\/es\/wp-json\/wp\/v2\/posts\/11704\/revisions"}],"predecessor-version":[{"id":11705,"href":"https:\/\/firagran.com\/es\/wp-json\/wp\/v2\/posts\/11704\/revisions\/11705"}],"wp:featuredmedia":[{"embeddable":true,"href":"https:\/\/firagran.com\/es\/wp-json\/wp\/v2\/media\/11702"}],"wp:attachment":[{"href":"https:\/\/firagran.com\/es\/wp-json\/wp\/v2\/media?parent=11704"}],"wp:term":[{"taxonomy":"category","embeddable":true,"href":"https:\/\/firagran.com\/es\/wp-json\/wp\/v2\/categories?post=11704"},{"taxonomy":"post_tag","embeddable":true,"href":"https:\/\/firagran.com\/es\/wp-json\/wp\/v2\/tags?post=11704"}],"curies":[{"name":"wp","href":"https:\/\/api.w.org\/{rel}","templated":true}]}}