{"id":11738,"date":"2020-04-27T10:49:19","date_gmt":"2020-04-27T08:49:19","guid":{"rendered":"https:\/\/firagran.com\/?p=11738"},"modified":"2020-04-27T10:49:19","modified_gmt":"2020-04-27T08:49:19","slug":"josep-paris-enfermero-especialista-en-enfermeria-geriatrica-y-gerontologica","status":"publish","type":"post","link":"https:\/\/firagran.com\/es\/josep-paris-enfermero-especialista-en-enfermeria-geriatrica-y-gerontologica\/","title":{"rendered":"Josep Par\u00eds, enfermero, especialista en enfermer\u00eda geri\u00e1trica y gerontol\u00f3gica"},"content":{"rendered":"<p>Tengo 56 a\u00f1os. Soy de Barcelona. Soy enfermero, especialista en enfermer\u00eda geri\u00e1trica y gerontol\u00f3gica. Tengo una hija, Alexia (21), y vivo en pareja. \u00bf Pol\u00edtica? Tiendo a la izquierda. \u00bfCreencias? No. Hab\u00edamos matado a la muerte, pero el coronavirus la resucita: \u00a1hablemos de ella!<\/p>\n<p><strong>Qu\u00e9 diferencia al enfermero del cuidador?<\/strong><\/p>\n<p>El enfermero es licenciado universitario, puede doctorarse. Y cuidador&#8230; \u00a1cuidador lo somos todos!<\/p>\n<p><strong>\u00bfYo tambi\u00e9n?<\/strong><\/p>\n<p>Habr\u00e1 alguien, a\u00fan sano, a quien cuidas algo. Y si le sucediera algo grave, le cuidar\u00edas m\u00e1s.<\/p>\n<p><strong>Que no suceda.<\/strong><\/p>\n<p>Pero suceder\u00e1. Un postoperatorio, un al\u00adzheimer veloz, una ca\u00edda inesperada&#8230;<\/p>\n<p><strong>Hombre&#8230;<\/strong><\/p>\n<p>Miras para otro lado para no ver lo fr\u00e1gil que eres, pero es mejor tener eso bien presente.<\/p>\n<p><strong>\u00bfPara qu\u00e9?<\/strong><\/p>\n<p>Para anticiparte y prepararte. Tambi\u00e9n ante la muerte. Morir\u00e1n tus personas queridas, y morir\u00e1s t\u00fa. Hablad padres e hijos, hermanos, nietos, sobrinos y t\u00edos, amigos&#8230;<\/p>\n<p><strong>La pandemia nos trae muerte a diario.<\/strong><\/p>\n<p>Hab\u00edamos matado a la muerte y el virus la ha resucitado, es verdad. Este virus est\u00e1 rompiendo el tab\u00fa de la muerte.<\/p>\n<p><strong>\u00bfY eso es bueno?<\/strong><\/p>\n<p>Es bueno hablar. Y completar el documento de voluntades anticipadas, y decir qu\u00e9 ceremonia querr\u00e1s, y qu\u00e9 hacer con tus restos.<\/p>\n<p><strong>\u00a1Hoy ni podemos velar al muerto!<\/strong><\/p>\n<p>Cuando podamos habr\u00e1 que celebrar rituales de despedida. O la herida supurar\u00e1.<\/p>\n<p><strong>\u00bfA cu\u00e1ntas familias afecta esto hoy?<\/strong><\/p>\n<p>A unas 40.000 familias en Espa\u00f1a, si sumo muertos en hospitales, residencias y casas. El triple que el a\u00f1o pasado en el mismo lapso.<\/p>\n<p><strong>Y no dej\u00e1bamos, a veces, que el nietecito viese a su abuelo muerto.<\/strong><\/p>\n<p>Aberrante. Antiguamente ve\u00edas al muerto en su cama, en casa: aprend\u00edas que vida y muerte van de la mano. Ha habido una deriva urbanita, antinatural, de ocultar la muerte.<\/p>\n<p><strong>Hoy te hurta el muerto la ley sanitaria.<\/strong><\/p>\n<p>Y aparece la mano amiga de la enfermera, que estrecha la del moribundo, y facilita contactar con familiares con tableta, tel\u00e9fono&#8230;<\/p>\n<p><strong>Y est\u00e1 bien, pero no deja de ser triste.<\/strong><\/p>\n<p>Lo s\u00e9. Lo es. Nunca olvidar\u00e9 a Rosa Mar\u00eda.<\/p>\n<p><strong>\u00bfA qui\u00e9n?<\/strong><\/p>\n<p>La primera paciente que se me muri\u00f3. Disimul\u00e9 y me encerr\u00e9 en el ba\u00f1o para llorar.<\/p>\n<p><strong>\u00bfPor qu\u00e9 disimul\u00f3?<\/strong><\/p>\n<p>Quise fingir entereza. Hice mal: mostremos las emociones, eso es algo que aconsejo a enfermeras, y a cuidadores en domicilios.<\/p>\n<p><strong>\u00bfS\u00ed? \u00bfQu\u00e9 m\u00e1s podr\u00eda aconsejarles?<\/strong><\/p>\n<p>Nadie es tan fuerte que pueda con todo: comunica lo que sientes, pide ayuda. Hay grupos de apoyo informales, colegas y amigos; y adem\u00e1s hay grupos profesionales. Cuidador: \u00a1cu\u00eddate!, o el estr\u00e9s te pasar\u00e1 factura.<\/p>\n<p><strong>Las enfermeras est\u00e1n d\u00e1ndolo todo.<\/strong><\/p>\n<p>Hemos de cuidarlas, darles mayor respaldo p\u00fablico, pagarles bien, horas de descanso. Y que haya un enfermero en cada residencia.<\/p>\n<p><strong>\u00bfNo ha habido ni uno o una?<\/strong><\/p>\n<p>S\u00f3lo en alguna residencia y pagado un 30% menos que en un hospital. Los poderes p\u00fablicos debieran garantizar una enfermera por residencia, por mucho que quiera lucro<\/p>\n<p><strong>La alta mortalidad en residencias, \u00bfla atribuye a esa falta de enfermeras?<\/strong><\/p>\n<p>Ellas saben que si pasas de una habitaci\u00f3n a otra debes cambiarte antes los guantes.<\/p>\n<p><strong>\u00bfLas residencias carec\u00edan de medios?<\/strong><\/p>\n<p>Ha faltado planificarlas bien y m\u00e1s dinero p\u00fablico. Porque nuestros mayores se merecen todo nuestro cuidado y atenci\u00f3n.<\/p>\n<p><strong>S\u00ed.<\/strong><\/p>\n<p>Algunas familias se llevaron a sus mayores a sus casas, si no estaban infectados. En alguna residencia, antes de infectarse nadie, se confinaron sus cuidadores ah\u00ed, y ha ido bien.<\/p>\n<p><strong>\u00bfQu\u00e9 reparar\u00eda usted, si pudiera?<\/strong><\/p>\n<p>Considero maltrato social que si necesitas en Catalunya una residencia de ancianos p\u00fablica, entres en listas de espera de dos a\u00f1os.<\/p>\n<p><strong>\u00bfExtraeremos lecciones de esta crisis?<\/strong><\/p>\n<p>Ojal\u00e1 cuidemos mucho m\u00e1s a nuestros cuidadores y a nosotros mismos, para disfrutar un d\u00eda de una vejez buena y digna.<\/p>\n<p><strong>Para hacer bien de cuidador, deme ya alguna pista.<\/strong><\/p>\n<p>Hay asociaciones de cuidadores: acude a ellas, d\u00e9jate ayudar, y aprender\u00e1s todo. Hay tambi\u00e9n asociaciones de pacientes, por cierto. Y no caigas en la espiral diab\u00f3lica.<\/p>\n<p><strong>\u00bfQu\u00e9 espiral es esa?<\/strong><\/p>\n<p>Posponer tu propia salud f\u00edsica y emocional. Empeorar\u00e1s t\u00fa y empeorar\u00e1 tu entorno. Como ense\u00f1a Valent\u00ed Fuster: \u201cHay que saber parar para reparar\u201d. Ah, y mant\u00e9n siempre tus redes de relaciones interpersonales.<\/p>\n<p><strong>Y, llegada la \u00faltima hora.<\/strong><\/p>\n<p>Expresa tus afectos a los tuyos y salda tus conversaciones pendientes: eso serenar\u00e1 tu entorno, confortar\u00e1 a todos, morir\u00e1s en paz.<\/p>\n<p><strong>Gracias.<\/strong><\/p>\n<p>Yo grabar\u00e9 un v\u00eddeo divertido para mi funeral, y he pedido que se me incinere y que mis cenizas sean aventadas en mi Barceloneta natal. Y recomiendo hablar de la muerte con los ni\u00f1os desde ahora. Eso les ayudar\u00e1.<\/p>\n<p><strong>Pues estos d\u00edas brindan ocasiones.<\/strong><\/p>\n<p>S\u00ed, debemos educarles en que nos cuidemos los unos a los otros, dado que todos somos fr\u00e1giles. Y en que moriremos todo un d\u00eda. Ah, y en el m\u00e1ximo respeto a los ancianos.<\/p>\n<p>Fuente: La Vanguardia<\/p>\n<p>M\u00e1s informaci\u00f3n: <a href=\"https:\/\/www.lavanguardia.com\/lacontra\/20200427\/48740939096\/enfermera-cuidador-cuidate-o-el-estres-te-pasara-factura.html?utm_term=botones_sociales_app&amp;utm_source=social-otros&amp;utm_medium=social\">https:\/\/www.lavanguardia.com\/lacontra\/20200427\/48740939096\/enfermera-cuidador-cuidate-o-el-estres-te-pasara-factura.html?utm_term=botones_sociales_app&amp;utm_source=social-otros&amp;utm_medium=social<\/a><\/p>\n","protected":false},"excerpt":{"rendered":"<p>Tengo 56 a\u00f1os. Soy de Barcelona. Soy enfermero, especialista en enfermer\u00eda geri\u00e1trica y gerontol\u00f3gica. Tengo una hija, Alexia (21), y vivo en pareja. \u00bf Pol\u00edtica? Tiendo a la izquierda. \u00bfCreencias? No. Hab\u00edamos matado a la <a href=\"https:\/\/firagran.com\/es\/josep-paris-enfermero-especialista-en-enfermeria-geriatrica-y-gerontologica\/\"> [&#8230;]<\/a><\/p>\n","protected":false},"author":2,"featured_media":11739,"comment_status":"closed","ping_status":"closed","sticky":false,"template":"","format":"standard","meta":{"footnotes":""},"categories":[94,74,86,28],"tags":[],"class_list":["post-11738","post","type-post","status-publish","format-standard","has-post-thumbnail","hentry","category-enfermedades","category-entrevistas","category-servicios-funerarios","category-general-es"],"_links":{"self":[{"href":"https:\/\/firagran.com\/es\/wp-json\/wp\/v2\/posts\/11738","targetHints":{"allow":["GET"]}}],"collection":[{"href":"https:\/\/firagran.com\/es\/wp-json\/wp\/v2\/posts"}],"about":[{"href":"https:\/\/firagran.com\/es\/wp-json\/wp\/v2\/types\/post"}],"author":[{"embeddable":true,"href":"https:\/\/firagran.com\/es\/wp-json\/wp\/v2\/users\/2"}],"replies":[{"embeddable":true,"href":"https:\/\/firagran.com\/es\/wp-json\/wp\/v2\/comments?post=11738"}],"version-history":[{"count":1,"href":"https:\/\/firagran.com\/es\/wp-json\/wp\/v2\/posts\/11738\/revisions"}],"predecessor-version":[{"id":11741,"href":"https:\/\/firagran.com\/es\/wp-json\/wp\/v2\/posts\/11738\/revisions\/11741"}],"wp:featuredmedia":[{"embeddable":true,"href":"https:\/\/firagran.com\/es\/wp-json\/wp\/v2\/media\/11739"}],"wp:attachment":[{"href":"https:\/\/firagran.com\/es\/wp-json\/wp\/v2\/media?parent=11738"}],"wp:term":[{"taxonomy":"category","embeddable":true,"href":"https:\/\/firagran.com\/es\/wp-json\/wp\/v2\/categories?post=11738"},{"taxonomy":"post_tag","embeddable":true,"href":"https:\/\/firagran.com\/es\/wp-json\/wp\/v2\/tags?post=11738"}],"curies":[{"name":"wp","href":"https:\/\/api.w.org\/{rel}","templated":true}]}}