{"id":11755,"date":"2020-05-06T09:00:35","date_gmt":"2020-05-06T07:00:35","guid":{"rendered":"https:\/\/firagran.com\/?p=11755"},"modified":"2020-04-29T12:45:59","modified_gmt":"2020-04-29T10:45:59","slug":"como-combatir-la-soledad-de-los-mayores-en-tiempos-del-coronavirus-iniciativa-cartas-contra-la-soledad","status":"publish","type":"post","link":"https:\/\/firagran.com\/es\/como-combatir-la-soledad-de-los-mayores-en-tiempos-del-coronavirus-iniciativa-cartas-contra-la-soledad\/","title":{"rendered":"C\u00f3mo combatir la soledad de los mayores en tiempos del coronavirus: iniciativa Cartas contra la soledad"},"content":{"rendered":"<p>Javier y Mar\u00eda viven un piso en Motril y Paquita en un centro de mayores en Alcobendas. No se han visto nunca y no tienen nada en com\u00fan salvo que todos viven confinados. Sin embargo, gracias a la iniciativa Cartas contra la soledad, han podido conocerse y ahora unos esperan impacientes a tener noticias de la otra y viceversa.<\/p>\n<p>Cientos de miles de personas mayores viven en residencias en Espa\u00f1a. Las medidas preventivas impuestas por el Gobierno para frenar el avance del Coronavirus en nuestro pa\u00eds han supuesto que todas ellas se hayan visto privadas no solo de las visitas de sus familiares y amigos que endulzaban sus rutinas sino tambi\u00e9n de muchas de las actividades que amenizaban su d\u00eda a d\u00eda. La iniciativa <strong>Cartas contra la soledad<\/strong> quiere ayudarles a sobrellevar el distanciamiento social.<\/p>\n<p>\u201cAunque resulte parad\u00f3jico, el confinamiento puede ser una buena oportunidad para conectar con personas a las que no conocemos\u201d, explica Marta Gil, directora de la Asociaci\u00f3n de Voluntarios de \u201claCaixa\u201d. \u00bfY c\u00f3mo? Pues en este caso, a la vieja usanza, por carta. \u201cIntentamos que sean cartas manuscritas. Los voluntarios las escanean y las env\u00edan por email. Luego \u00e9stas se imprimen y se hacen llegar a los mayores, que responden de vuelta, a veces con algo de ayuda del personal de la residencia\u201d.<\/p>\n<p>Fuente: <a href=\"https:\/\/efectopositivo.elmundo.es\/\">https:\/\/efectopositivo.elmundo.es\/<\/a><\/p>\n<p>M\u00e1s informaci\u00f3n: <a href=\"https:\/\/efectopositivo.elmundo.es\/comprometidos\/como-combatir-la-soledad-de-los-mayores-en-tiempos-del-coronavirus?follow=1\">https:\/\/efectopositivo.elmundo.es\/comprometidos\/como-combatir-la-soledad-de-los-mayores-en-tiempos-del-coronavirus?follow=1<\/a><\/p>\n","protected":false},"excerpt":{"rendered":"<p>Javier y Mar\u00eda viven un piso en Motril y Paquita en un centro de mayores en Alcobendas. No se han visto nunca y no tienen nada en com\u00fan salvo que todos viven confinados. Sin embargo, <a href=\"https:\/\/firagran.com\/es\/como-combatir-la-soledad-de-los-mayores-en-tiempos-del-coronavirus-iniciativa-cartas-contra-la-soledad\/\"> [&#8230;]<\/a><\/p>\n","protected":false},"author":2,"featured_media":11753,"comment_status":"closed","ping_status":"closed","sticky":false,"template":"","format":"standard","meta":{"footnotes":""},"categories":[81],"tags":[],"class_list":["post-11755","post","type-post","status-publish","format-standard","has-post-thumbnail","hentry","category-habitos-saludables"],"_links":{"self":[{"href":"https:\/\/firagran.com\/es\/wp-json\/wp\/v2\/posts\/11755","targetHints":{"allow":["GET"]}}],"collection":[{"href":"https:\/\/firagran.com\/es\/wp-json\/wp\/v2\/posts"}],"about":[{"href":"https:\/\/firagran.com\/es\/wp-json\/wp\/v2\/types\/post"}],"author":[{"embeddable":true,"href":"https:\/\/firagran.com\/es\/wp-json\/wp\/v2\/users\/2"}],"replies":[{"embeddable":true,"href":"https:\/\/firagran.com\/es\/wp-json\/wp\/v2\/comments?post=11755"}],"version-history":[{"count":1,"href":"https:\/\/firagran.com\/es\/wp-json\/wp\/v2\/posts\/11755\/revisions"}],"predecessor-version":[{"id":11756,"href":"https:\/\/firagran.com\/es\/wp-json\/wp\/v2\/posts\/11755\/revisions\/11756"}],"wp:featuredmedia":[{"embeddable":true,"href":"https:\/\/firagran.com\/es\/wp-json\/wp\/v2\/media\/11753"}],"wp:attachment":[{"href":"https:\/\/firagran.com\/es\/wp-json\/wp\/v2\/media?parent=11755"}],"wp:term":[{"taxonomy":"category","embeddable":true,"href":"https:\/\/firagran.com\/es\/wp-json\/wp\/v2\/categories?post=11755"},{"taxonomy":"post_tag","embeddable":true,"href":"https:\/\/firagran.com\/es\/wp-json\/wp\/v2\/tags?post=11755"}],"curies":[{"name":"wp","href":"https:\/\/api.w.org\/{rel}","templated":true}]}}