{"id":11815,"date":"2020-05-25T08:00:24","date_gmt":"2020-05-25T06:00:24","guid":{"rendered":"https:\/\/firagran.com\/?p=11815"},"modified":"2020-05-25T11:07:16","modified_gmt":"2020-05-25T09:07:16","slug":"entrevista-angel-puertas-la-teleasistencia-del-futuro-permitira-adaptarse-a-cada-persona-grande-y-envejecer-de-manera-sostenible-a-casa","status":"publish","type":"post","link":"https:\/\/firagran.com\/es\/entrevista-angel-puertas-la-teleasistencia-del-futuro-permitira-adaptarse-a-cada-persona-grande-y-envejecer-de-manera-sostenible-a-casa\/","title":{"rendered":"\u00c1ngel Puertas: \u201cLa teleasistencia del futuro permitir\u00e1 adaptarse a cada persona grande y envejecer de manera sostenible a casa\u201d"},"content":{"rendered":"<p><strong>Cofundador y CEO de SeniorDomo<\/strong><\/p>\n<p>Las ideas para emprender un proyecto a menudo a menudo nacen de la propia necesidad personal. Este es el caso de SeniorDomo, un servicio de teleasistencia avanzado e integral para personas grandes que en 2018 fundaron \u00c1ngel Puertas y su hermano Pedro, junto con Jordi Merc\u00e9.<\/p>\n<p>El objetivo de este servicio, que ya se ha empezado a comercializar en Barcelona y al \u00e1rea metropolitana, es utilizar las m\u00e1ximas tecnolog\u00edas para afrontar la vejez a casa, promover la salud y el bienestar y evitar el riesgo de ca\u00eddas a casa y en la calle.<\/p>\n<p><strong>\u00bfC\u00f3mo naci\u00f3 SeniorDomo?<\/strong><\/p>\n<p>El a\u00f1o 2015, mi padre contrajo Esclerosis Lateral Amiotr\u00f3fica (ELA), una dolencia que le caus\u00f3 una degeneraci\u00f3n muy r\u00e1pida y que le caus\u00f3 la muerte despu\u00e9s de un a\u00f1o. Nosotros, como familiares, quer\u00edamos mantener su autonom\u00eda y que siguiera viviendo en casa.<\/p>\n<p>La primera opci\u00f3n en la que piensa todo el mundo es buscar una residencia, contratar un cuidador o hacer uso de la teleasistencia tradicional. Nosotros vimos que no hab\u00eda demasiado m\u00e1s soluciones para afrontar una situaci\u00f3n de dependencia a casa.<\/p>\n<p>El verano de 2018 decid\u00ed dejar mi trabajo de consultor y con mis conocimientos como ingeniero inform\u00e1tico montamos SeniorDomo, para dar respuesta a una necesidad que, junto con mi hermano, hab\u00edamos vivido con la experiencia del padre.<\/p>\n<p><strong>\u00bfCu\u00e1l es la gran novedad que aporta SeniorDomo?<\/strong><\/p>\n<p>Ofrecemos servicio de teleasistencia consumible para las familias. El usuario o la familia contratan el servicio, recibe un quit que se puede instalar a casa y que se puede configurar y activar trav\u00e9s de una aplicaci\u00f3n m\u00f3vil.<\/p>\n<p>El sistema avisa al instante los familiares con una alarma desde el m\u00f3vil y permite hacer un seguimiento de las actividades diarias de la persona que dispone del servicio.<\/p>\n<p>Disponemos de dos modalidades: la primera -denominada SeniorDomo Protect- consta de un reloj y una aplicaci\u00f3n m\u00f3vil. El reloj, que tiene GPS, permite a la persona pedir ayuda desde cualquier lugar y momento y los familiares tambi\u00e9n pueden definir una zona de seguridad. As\u00ed cuando la persona la supera, los puede avisar.<\/p>\n<p>Se trata de una soluci\u00f3n tecnol\u00f3gica que ofrecemos directamente a particulares, pero que tambi\u00e9n es muy \u00fatil para integrar a servicios de teleasistencia tradicionales y a residencias. Desde abril del a\u00f1o pasado, tenemos m\u00e1s de 100 usuarios conectados.<\/p>\n<p>La segunda modalidad, denominada Seniordomo Prevent, permite adentro de casa, a trav\u00e9s de un sistema de sensores, que se coloquen a los principales objetos del domicilio, detectar cualquier cambio de h\u00e1bitos en la persona y, por lo tanto, ayudar a prevenir posibles deterioros o ca\u00eddas.<\/p>\n<p><strong>\u00bfEl uso de la tecnolog\u00eda en las personas grandes no puede ser visto como una intromisi\u00f3n a su intimidad?<\/strong><\/p>\n<p>La parte \u00e9tica es muy importante. El servicio lo dise\u00f1amos contando con la participaci\u00f3n de 20 familias, que nos explicaron su visi\u00f3n. Una de las cosas importantes que nos dijeron es que no se quer\u00edan sentir observados y, por lo tanto, descartamos incorporar c\u00e1maras y micr\u00f3fonos a los domicilios.<\/p>\n<p>Al final, con este sistema, basado en el uso de sensores, no sabemos c\u00f3mo va vestida la persona ni qu\u00e9 programa de televisi\u00f3n ve, pero si podemos conocer de la manera menos intrusiva posible, que pasa. Habitualmente se coloquen sensores a la puerta de la nevera, al pastillero o al caj\u00f3n de los cubiertos, es decir en objetos de uso diario.<\/p>\n<p>Hacer participar el usuario en el dise\u00f1o de cualquier soluci\u00f3n es clave.<\/p>\n<p>Para nosotros nuestra obsesi\u00f3n es que fuera un sistema de teleasistencia centrado en el usuario. Si haces un producto sin contar con la persona que lo usar\u00e1, vas mal!<\/p>\n<p>Adem\u00e1s de no sentirse confiscadas, estas familias, con las que contamos inicialmente, nos pidieron ayudar a evitar la soledad de las personas grandes, algo en el que incidiremos en futuras soluciones tecnol\u00f3gicas.<\/p>\n<p><strong>\u00bfCu\u00e1les son las posibilidades que la inteligencia artificial nos ofrece a nivel social?<\/strong><\/p>\n<p>El uso de datos a gran escala nos permite obtener informaci\u00f3n y aplicar patrones y, por lo tanto, desarrollar acciones e incidir en pol\u00edticas sociales o de salud. La teleasistencia del futuro permitir\u00e1 realmente estar muy centrada en la necesidad de cada usuario y propondr\u00e1, por ejemplo, que se hagan llamadas de seguimiento a quien realmente lo necesite en base a las necesidades y a los h\u00e1bitos de cada persona, cuando por ejemplo se detecten anomal\u00edas en sus h\u00e1bitos de vida.<\/p>\n<p>Muchas personas grandes no vuelan un cuidador las 24 horas del d\u00eda y muchas, adem\u00e1s, no se lo pueden permitir econ\u00f3micamente. Si tienes un cuidador que va en momentos clave en el d\u00eda y con el resto cuentas con un sistema de teleasistencia predictivo, que aporte valor, el proceso de envejecer es mucho m\u00e1s sostenible.<\/p>\n<p><strong>\u00bfEstamos educados para planificar la vejez?<\/strong><\/p>\n<p>Costa de hablar y no pensamos. Como hijos no nos tiene que dar miedo hablar con el padre y la madre y preguntarlos como los gustar\u00eda a envejecer, pero este tema todav\u00eda es un tab\u00fa, tambi\u00e9n por la propia persona grande. Es un derecho que tienen, el de decidir y hablarlo es un adelanto muy importante. Por desgracia, demasiado a menudo, los hijos deciden a veces sin que la participaci\u00f3n de la persona grande.<\/p>\n","protected":false},"excerpt":{"rendered":"<p>Cofundador y CEO de SeniorDomo Las ideas para emprender un proyecto a menudo a menudo nacen de la propia necesidad personal. Este es el caso de SeniorDomo, un servicio de teleasistencia avanzado e integral para <a href=\"https:\/\/firagran.com\/es\/entrevista-angel-puertas-la-teleasistencia-del-futuro-permitira-adaptarse-a-cada-persona-grande-y-envejecer-de-manera-sostenible-a-casa\/\"> [&#8230;]<\/a><\/p>\n","protected":false},"author":2,"featured_media":11813,"comment_status":"closed","ping_status":"closed","sticky":false,"template":"","format":"standard","meta":{"footnotes":""},"categories":[74],"tags":[],"class_list":["post-11815","post","type-post","status-publish","format-standard","has-post-thumbnail","hentry","category-entrevistas"],"_links":{"self":[{"href":"https:\/\/firagran.com\/es\/wp-json\/wp\/v2\/posts\/11815","targetHints":{"allow":["GET"]}}],"collection":[{"href":"https:\/\/firagran.com\/es\/wp-json\/wp\/v2\/posts"}],"about":[{"href":"https:\/\/firagran.com\/es\/wp-json\/wp\/v2\/types\/post"}],"author":[{"embeddable":true,"href":"https:\/\/firagran.com\/es\/wp-json\/wp\/v2\/users\/2"}],"replies":[{"embeddable":true,"href":"https:\/\/firagran.com\/es\/wp-json\/wp\/v2\/comments?post=11815"}],"version-history":[{"count":2,"href":"https:\/\/firagran.com\/es\/wp-json\/wp\/v2\/posts\/11815\/revisions"}],"predecessor-version":[{"id":11832,"href":"https:\/\/firagran.com\/es\/wp-json\/wp\/v2\/posts\/11815\/revisions\/11832"}],"wp:featuredmedia":[{"embeddable":true,"href":"https:\/\/firagran.com\/es\/wp-json\/wp\/v2\/media\/11813"}],"wp:attachment":[{"href":"https:\/\/firagran.com\/es\/wp-json\/wp\/v2\/media?parent=11815"}],"wp:term":[{"taxonomy":"category","embeddable":true,"href":"https:\/\/firagran.com\/es\/wp-json\/wp\/v2\/categories?post=11815"},{"taxonomy":"post_tag","embeddable":true,"href":"https:\/\/firagran.com\/es\/wp-json\/wp\/v2\/tags?post=11815"}],"curies":[{"name":"wp","href":"https:\/\/api.w.org\/{rel}","templated":true}]}}