{"id":11896,"date":"2020-06-08T08:00:32","date_gmt":"2020-06-08T06:00:32","guid":{"rendered":"https:\/\/firagran.com\/?p=11896"},"modified":"2020-06-04T18:07:54","modified_gmt":"2020-06-04T16:07:54","slug":"pla-para-garantizar-un-desconfinamiemnto-seguro-a-las-residencias-de-gente-mayor","status":"publish","type":"post","link":"https:\/\/firagran.com\/es\/pla-para-garantizar-un-desconfinamiemnto-seguro-a-las-residencias-de-gente-mayor\/","title":{"rendered":"Pla para garantizar un desconfinamiemnto seguro a las residencias de gente mayor"},"content":{"rendered":"<p>Se ha elaborado un Plan para garantizar la m\u00e1xima prevenci\u00f3n para evitar contagios en las residencias de gente mayor durante las diversas fases del Plan de desconfinamiento. Estas recomendaciones hacen referencia sobre todo:<\/p>\n<p>Visitas de familiares,<\/p>\n<p>Aceptaci\u00f3n de ingresos,<\/p>\n<p>Recuperaci\u00f3n de la actividad interna de los centros,<\/p>\n<p>Criterios generales de aislamiento y sectorizaci\u00f3n.<\/p>\n<p>En relaci\u00f3n a las visitas de familiares se hacen las recomendaciones siguientes:<\/p>\n<p>Fase 0: priorizaci\u00f3n de las visitas de acompa\u00f1amiento y apoyo al final de vida.<\/p>\n<p>Fase I: a\u00f1adir la priorizaci\u00f3n de las visitas de residentes en situaci\u00f3n de descompensaci\u00f3n de enfermedad cr\u00f3nica.<\/p>\n<p>Fase II: generalizaci\u00f3n de visitas a todo tipos de residentes.<\/p>\n<p>Fase III: visitas de familiares en zonas exteriores del centro residencial.<\/p>\n<p>Las visitas se pueden hacer a las residencias consideradas como limpias, o en las que tengan un sector considerado como limpio totalmente sectorizado, de forma prioritaria; y en segundo lugar, a los residentes sin enfermedad que est\u00e9n en centros residenciales afectados, pero en situaci\u00f3n estable.<\/p>\n<p>No se permitir\u00e1n visitas en los centros que todav\u00eda no muestren un control adecuado de la infecci\u00f3n.<\/p>\n<p><strong>M\u00e1s informaci\u00f3n:<\/strong> <a href=\"https:\/\/web.gencat.cat\/ca\/actualitat\/detall\/Pla-per-garantir-un-desconfinament-segur-a-les-residencies-de-gent-gran\">https:\/\/web.gencat.cat\/ca\/actualitat\/detall\/Pla-per-garantir-un-desconfinament-segur-a-les-residencies-de-gent-gran<\/a><\/p>\n<p><strong>Fuente: <\/strong><a href=\"https:\/\/web.gencat.cat\/\">https:\/\/web.gencat.cat\/<\/a><\/p>\n","protected":false},"excerpt":{"rendered":"<p>Se ha elaborado un Plan para garantizar la m\u00e1xima prevenci\u00f3n para evitar contagios en las residencias de gente mayor durante las diversas fases del Plan de desconfinamiento. Estas recomendaciones hacen referencia sobre todo: Visitas de <a href=\"https:\/\/firagran.com\/es\/pla-para-garantizar-un-desconfinamiemnto-seguro-a-las-residencias-de-gente-mayor\/\"> [&#8230;]<\/a><\/p>\n","protected":false},"author":2,"featured_media":11894,"comment_status":"closed","ping_status":"closed","sticky":false,"template":"","format":"standard","meta":{"footnotes":""},"categories":[89],"tags":[],"class_list":["post-11896","post","type-post","status-publish","format-standard","has-post-thumbnail","hentry","category-temas-legales"],"_links":{"self":[{"href":"https:\/\/firagran.com\/es\/wp-json\/wp\/v2\/posts\/11896","targetHints":{"allow":["GET"]}}],"collection":[{"href":"https:\/\/firagran.com\/es\/wp-json\/wp\/v2\/posts"}],"about":[{"href":"https:\/\/firagran.com\/es\/wp-json\/wp\/v2\/types\/post"}],"author":[{"embeddable":true,"href":"https:\/\/firagran.com\/es\/wp-json\/wp\/v2\/users\/2"}],"replies":[{"embeddable":true,"href":"https:\/\/firagran.com\/es\/wp-json\/wp\/v2\/comments?post=11896"}],"version-history":[{"count":1,"href":"https:\/\/firagran.com\/es\/wp-json\/wp\/v2\/posts\/11896\/revisions"}],"predecessor-version":[{"id":11897,"href":"https:\/\/firagran.com\/es\/wp-json\/wp\/v2\/posts\/11896\/revisions\/11897"}],"wp:featuredmedia":[{"embeddable":true,"href":"https:\/\/firagran.com\/es\/wp-json\/wp\/v2\/media\/11894"}],"wp:attachment":[{"href":"https:\/\/firagran.com\/es\/wp-json\/wp\/v2\/media?parent=11896"}],"wp:term":[{"taxonomy":"category","embeddable":true,"href":"https:\/\/firagran.com\/es\/wp-json\/wp\/v2\/categories?post=11896"},{"taxonomy":"post_tag","embeddable":true,"href":"https:\/\/firagran.com\/es\/wp-json\/wp\/v2\/tags?post=11896"}],"curies":[{"name":"wp","href":"https:\/\/api.w.org\/{rel}","templated":true}]}}