{"id":11941,"date":"2020-06-24T08:00:06","date_gmt":"2020-06-24T06:00:06","guid":{"rendered":"https:\/\/firagran.com\/?p=11941"},"modified":"2020-06-22T13:01:57","modified_gmt":"2020-06-22T11:01:57","slug":"se-incrementan-los-casos-de-maltrato-a-gente-mayor-durante-el-confinamiento","status":"publish","type":"post","link":"https:\/\/firagran.com\/es\/se-incrementan-los-casos-de-maltrato-a-gente-mayor-durante-el-confinamiento\/","title":{"rendered":"Se incrementan los casos de maltrato a gente mayor durante el confinamiento"},"content":{"rendered":"<p>La Diputaci\u00f3n de Barcelona alerta que las mujeres representaron el 76% de los casos durante el 2019<\/p>\n<p>La Diputaci\u00f3n de Barcelona ha detectado un aumento de maltratos a personas grandes durante el confinamiento si se comparan con los casos registrados en los primeros meses del a\u00f1o.<\/p>\n<p>As\u00ed, desde la segunda quincena de febrero y hasta el inicio del confinamiento se detectaron 52 casos en la provincia de Barcelona, mientras que entre medios de marzo y hasta el 9 de abril fueron 112.<\/p>\n<p>Seg\u00fan los datos recogidos por la Diputaci\u00f3n, el 2019 se detectaron 392 casos de maltratos en 42 municipios, 238 a mujeres (76%) y 94 a hombres (23,97%). El perfil de la persona maltratada, seg\u00fan datos del 2017, es en un 80% de los casos una mujer, de entre 80 y 84 a\u00f1os, sin deterioro cognitivo y que necesita apoyo para las actividades b\u00e1sicas de la vida diaria.<\/p>\n<p>La persona presuntamente maltratadora es muchas veces el hijo de la v\u00edctima y las tipolog\u00edas m\u00e1s frecuentes de maltratos son el psicol\u00f3gico, la negligencia y el econ\u00f3mico. La Diputaci\u00f3n tambi\u00e9n detecta posibles cassos a trav\u00e9s del Servicio Local de Teleasistencia, en un 90% de los casos mujeres.<\/p>\n<p>M\u00e1s informaci\u00f3n:<a href=\"https:\/\/www.social.cat\/noticia\/12289\/sincrementen-els-casos-de-maltractament-a-gent-gran-durant-el-confinament\">https:\/\/www.social.cat\/noticia\/12289\/sincrementen-els-casos-de-maltractament-a-gent-gran-durant-el-confinament<\/a><\/p>\n<p>Fuente: <a href=\"https:\/\/www.social.cat\/\">https:\/\/www.social.cat\/<\/a><\/p>\n","protected":false},"excerpt":{"rendered":"<p>La Diputaci\u00f3n de Barcelona alerta que las mujeres representaron el 76% de los casos durante el 2019 La Diputaci\u00f3n de Barcelona ha detectado un aumento de maltratos a personas grandes durante el confinamiento si se <a href=\"https:\/\/firagran.com\/es\/se-incrementan-los-casos-de-maltrato-a-gente-mayor-durante-el-confinamiento\/\"> [&#8230;]<\/a><\/p>\n","protected":false},"author":2,"featured_media":11939,"comment_status":"closed","ping_status":"closed","sticky":false,"template":"","format":"standard","meta":{"footnotes":""},"categories":[85],"tags":[],"class_list":["post-11941","post","type-post","status-publish","format-standard","has-post-thumbnail","hentry","category-maltrato"],"_links":{"self":[{"href":"https:\/\/firagran.com\/es\/wp-json\/wp\/v2\/posts\/11941","targetHints":{"allow":["GET"]}}],"collection":[{"href":"https:\/\/firagran.com\/es\/wp-json\/wp\/v2\/posts"}],"about":[{"href":"https:\/\/firagran.com\/es\/wp-json\/wp\/v2\/types\/post"}],"author":[{"embeddable":true,"href":"https:\/\/firagran.com\/es\/wp-json\/wp\/v2\/users\/2"}],"replies":[{"embeddable":true,"href":"https:\/\/firagran.com\/es\/wp-json\/wp\/v2\/comments?post=11941"}],"version-history":[{"count":1,"href":"https:\/\/firagran.com\/es\/wp-json\/wp\/v2\/posts\/11941\/revisions"}],"predecessor-version":[{"id":11942,"href":"https:\/\/firagran.com\/es\/wp-json\/wp\/v2\/posts\/11941\/revisions\/11942"}],"wp:featuredmedia":[{"embeddable":true,"href":"https:\/\/firagran.com\/es\/wp-json\/wp\/v2\/media\/11939"}],"wp:attachment":[{"href":"https:\/\/firagran.com\/es\/wp-json\/wp\/v2\/media?parent=11941"}],"wp:term":[{"taxonomy":"category","embeddable":true,"href":"https:\/\/firagran.com\/es\/wp-json\/wp\/v2\/categories?post=11941"},{"taxonomy":"post_tag","embeddable":true,"href":"https:\/\/firagran.com\/es\/wp-json\/wp\/v2\/tags?post=11941"}],"curies":[{"name":"wp","href":"https:\/\/api.w.org\/{rel}","templated":true}]}}