{"id":12072,"date":"2020-08-14T08:00:38","date_gmt":"2020-08-14T06:00:38","guid":{"rendered":"https:\/\/firagran.com\/?p=12072"},"modified":"2020-08-10T13:02:28","modified_gmt":"2020-08-10T11:02:28","slug":"como-hemos-tratado-la-vejez-desde-la-antiguedad","status":"publish","type":"post","link":"https:\/\/firagran.com\/es\/como-hemos-tratado-la-vejez-desde-la-antiguedad\/","title":{"rendered":"\u00bfC\u00f3mo hemos tratado la vejez desde la Antig\u00fcedad?"},"content":{"rendered":"<p>La pandemia de Covid-19 ha abierto un debate sobre la relaci\u00f3n de nuestra sociedad con los mayores. As\u00ed es como se ha ido transformando ese v\u00ednculo<\/p>\n<p>Suecia, marzo de 2020. El coronavirus ha provocado las primeras muertes en el pa\u00eds, uno de los m\u00e1s desarrollados del planeta. Las autoridades optan por un confinamiento \u201crelajado\u201d, basado en la responsabilidad individual de los ciudadanos. As\u00ed, mientras medio mundo est\u00e1 encerrado durante la pandemia, los suecos disfrutan en las terrazas de la capital. En especial, gente joven y saludable. El producto de d\u00e9cadas de un s\u00f3lido estado de bienestar<\/p>\n<p>Pero mientras los j\u00f3venes suecos beb\u00edan vino bajo el sol primaveral, en las residencias de ancianos de Estocolmo acontec\u00eda un verdadero drama. El virus, especialmente letal para los mayores, se hab\u00eda abierto paso. A mediados de mayo, la Agencia de Salud del pa\u00eds calcul\u00f3 que la mayor\u00eda de fallecidos por Covid-19 (en ese momento, casi cuatro mil) ten\u00eda m\u00e1s de setenta a\u00f1os. Y que la mitad de las muertes se hab\u00edan producido en residencias. \u201cHemos fallado en la protecci\u00f3n de nuestros mayores. Ha sido un fracaso de nuestra sociedad\u201d, declar\u00f3 la ministra sueca de Salud.<\/p>\n<p>Lo cierto es que la figura de los ancianos ha ido perdiendo valor de forma acelerada<\/p>\n<p>Leer m\u00e1s: <a href=\"https:\/\/www.lavanguardia.com\/historiayvida\/20200809\/27214\/como-hemos-tratado-vejez-historia.amp.html?__twitter_impression=true\">https:\/\/www.lavanguardia.com\/historiayvida\/20200809\/27214\/como-hemos-tratado-vejez-historia.amp.html?__twitter_impression=true<\/a><\/p>\n","protected":false},"excerpt":{"rendered":"<p>La pandemia de Covid-19 ha abierto un debate sobre la relaci\u00f3n de nuestra sociedad con los mayores. As\u00ed es como se ha ido transformando ese v\u00ednculo Suecia, marzo de 2020. El coronavirus ha provocado las <a href=\"https:\/\/firagran.com\/es\/como-hemos-tratado-la-vejez-desde-la-antiguedad\/\"> [&#8230;]<\/a><\/p>\n","protected":false},"author":2,"featured_media":12070,"comment_status":"closed","ping_status":"closed","sticky":false,"template":"","format":"standard","meta":{"footnotes":""},"categories":[28,72],"tags":[],"class_list":["post-12072","post","type-post","status-publish","format-standard","has-post-thumbnail","hentry","category-general-es","category-residencias-centros-de-dia-y-viviendas-tuteladas"],"_links":{"self":[{"href":"https:\/\/firagran.com\/es\/wp-json\/wp\/v2\/posts\/12072","targetHints":{"allow":["GET"]}}],"collection":[{"href":"https:\/\/firagran.com\/es\/wp-json\/wp\/v2\/posts"}],"about":[{"href":"https:\/\/firagran.com\/es\/wp-json\/wp\/v2\/types\/post"}],"author":[{"embeddable":true,"href":"https:\/\/firagran.com\/es\/wp-json\/wp\/v2\/users\/2"}],"replies":[{"embeddable":true,"href":"https:\/\/firagran.com\/es\/wp-json\/wp\/v2\/comments?post=12072"}],"version-history":[{"count":1,"href":"https:\/\/firagran.com\/es\/wp-json\/wp\/v2\/posts\/12072\/revisions"}],"predecessor-version":[{"id":12073,"href":"https:\/\/firagran.com\/es\/wp-json\/wp\/v2\/posts\/12072\/revisions\/12073"}],"wp:featuredmedia":[{"embeddable":true,"href":"https:\/\/firagran.com\/es\/wp-json\/wp\/v2\/media\/12070"}],"wp:attachment":[{"href":"https:\/\/firagran.com\/es\/wp-json\/wp\/v2\/media?parent=12072"}],"wp:term":[{"taxonomy":"category","embeddable":true,"href":"https:\/\/firagran.com\/es\/wp-json\/wp\/v2\/categories?post=12072"},{"taxonomy":"post_tag","embeddable":true,"href":"https:\/\/firagran.com\/es\/wp-json\/wp\/v2\/tags?post=12072"}],"curies":[{"name":"wp","href":"https:\/\/api.w.org\/{rel}","templated":true}]}}