{"id":12431,"date":"2020-11-09T08:00:49","date_gmt":"2020-11-09T07:00:49","guid":{"rendered":"https:\/\/firagran.com\/?p=12431"},"modified":"2020-11-04T15:03:57","modified_gmt":"2020-11-04T14:03:57","slug":"jornada-firagran-2020-la-soledad-de-las-personas-grandes-en-tiempos-de-covid","status":"publish","type":"post","link":"https:\/\/firagran.com\/es\/jornada-firagran-2020-la-soledad-de-las-personas-grandes-en-tiempos-de-covid\/","title":{"rendered":"JORNADA FIRAGRAN 2020: LA SOLEDAD DE LAS PERSONAS MAYORES EN TIEMPOS DE COVID"},"content":{"rendered":"<ul>\n<li>HORARIO: 11 noviembre 2020 a las 16.30h a 18.10h<\/li>\n<li>Jornada online a trav\u00e9s de la plataforma Zoom (se enviar\u00e1 enlace a todos los inscritos)<\/li>\n<li>Inscripci\u00f3n gratuita<\/li>\n<\/ul>\n<p>Objetivo de la Jornada:<\/p>\n<p>Esta jornada va dirigida a todos los profesionales que trabajan en la atenci\u00f3n a las personas mayores.<\/p>\n<p>La ciencia describe la soledad como un sufrimiento subjetivo vinculado a la diferencia entre los contactos sociales deseados y reales. El riesgo de sentirse solo aumenta notablemente en el caso de las personas mayores que viven solas y no pueden salir de casa ni encontrarse con nadie.<\/p>\n<p>La persona mayor que se siente suela durante un periodo largo, a menudo modifica su conducta, se recluye, act\u00faa con m\u00e1s cautela, quiz\u00e1s tambi\u00e9n con m\u00e1s irritaci\u00f3n y menos delicadeza\u2026<\/p>\n<p>Que se puede hacer desde las administraciones p\u00fablicas y desde las entidades? Esta es la respuesta que buscamos en esta Jornada FiraGran.<\/p>\n<p>Organizado por: el Ayuntamiento de Barcelona, la Diputaci\u00f3n de Barcelona, el Departamento de Trabajo, Asuntos Sociales y Familias, el\u00a0 Departamento de Salud, el Departamento de interior de la Generalitat de Catalu\u00f1a y la Fundaci\u00f3n FiraGran<\/p>\n<p>Todo el temario e Inscripci\u00f3n: <a href=\"https:\/\/www.firagran.com\/m_jornada_firagran_2020\/m_jornada_firagran_2020.html\">https:\/\/www.firagran.com\/m_jornada_firagran_2020\/m_jornada_firagran_2020.html<\/a><\/p>\n","protected":false},"excerpt":{"rendered":"<p>HORARIO: 11 noviembre 2020 a las 16.30h a 18.10h Jornada online a trav\u00e9s de la plataforma Zoom (se enviar\u00e1 enlace a todos los inscritos) Inscripci\u00f3n gratuita Objetivo de la Jornada: Esta jornada va dirigida a <a href=\"https:\/\/firagran.com\/es\/jornada-firagran-2020-la-soledad-de-las-personas-grandes-en-tiempos-de-covid\/\"> [&#8230;]<\/a><\/p>\n","protected":false},"author":2,"featured_media":12429,"comment_status":"closed","ping_status":"closed","sticky":false,"template":"","format":"standard","meta":{"footnotes":""},"categories":[28],"tags":[],"class_list":["post-12431","post","type-post","status-publish","format-standard","has-post-thumbnail","hentry","category-general-es"],"_links":{"self":[{"href":"https:\/\/firagran.com\/es\/wp-json\/wp\/v2\/posts\/12431","targetHints":{"allow":["GET"]}}],"collection":[{"href":"https:\/\/firagran.com\/es\/wp-json\/wp\/v2\/posts"}],"about":[{"href":"https:\/\/firagran.com\/es\/wp-json\/wp\/v2\/types\/post"}],"author":[{"embeddable":true,"href":"https:\/\/firagran.com\/es\/wp-json\/wp\/v2\/users\/2"}],"replies":[{"embeddable":true,"href":"https:\/\/firagran.com\/es\/wp-json\/wp\/v2\/comments?post=12431"}],"version-history":[{"count":2,"href":"https:\/\/firagran.com\/es\/wp-json\/wp\/v2\/posts\/12431\/revisions"}],"predecessor-version":[{"id":12445,"href":"https:\/\/firagran.com\/es\/wp-json\/wp\/v2\/posts\/12431\/revisions\/12445"}],"wp:featuredmedia":[{"embeddable":true,"href":"https:\/\/firagran.com\/es\/wp-json\/wp\/v2\/media\/12429"}],"wp:attachment":[{"href":"https:\/\/firagran.com\/es\/wp-json\/wp\/v2\/media?parent=12431"}],"wp:term":[{"taxonomy":"category","embeddable":true,"href":"https:\/\/firagran.com\/es\/wp-json\/wp\/v2\/categories?post=12431"},{"taxonomy":"post_tag","embeddable":true,"href":"https:\/\/firagran.com\/es\/wp-json\/wp\/v2\/tags?post=12431"}],"curies":[{"name":"wp","href":"https:\/\/api.w.org\/{rel}","templated":true}]}}