{"id":12443,"date":"2020-11-13T08:00:34","date_gmt":"2020-11-13T07:00:34","guid":{"rendered":"https:\/\/firagran.com\/?p=12443"},"modified":"2020-11-04T15:05:09","modified_gmt":"2020-11-04T14:05:09","slug":"jornada-firagran-2020-innovacion-en-residencias-de-gente-mayor-nuevos-retos-nuevas-soluciones","status":"publish","type":"post","link":"https:\/\/firagran.com\/es\/jornada-firagran-2020-innovacion-en-residencias-de-gente-mayor-nuevos-retos-nuevas-soluciones\/","title":{"rendered":"JORNADA FIRAGRAN 2020: INNOVACI\u00d3N EN RESIDENCIAS DE PERSONAS MAYORES, NUEVOS RETOS, NUEVAS SOLUCIONES"},"content":{"rendered":"<ul>\n<li>HORARIO: 19 de noviembre 2020 de 18.00h a 20.15h<\/li>\n<li>Jornada online a trav\u00e9s de la plataforma Zoom (se enviar\u00e1 enlace a todos los inscritos)<\/li>\n<li>Inscripci\u00f3n gratuita<\/li>\n<\/ul>\n<p>Objetivo de la Jornada: La pandemia de coronavirus ha cogido en un planeta desprevenido y convencido que estaba mejor preparado del que era la realidad. Ahora es momento de pensar desde diferentes perspectivas qu\u00e9 podemos aprender del qu\u00e9 ha pasado y hacia donde tendr\u00edamos que orientar la atenci\u00f3n a las personas mayores dependientes. A la vez tenemos que pensar c\u00f3mo afrontar nuevos retos que aparecen a medida que el sector geroasistencial atiende a personas cada vez m\u00e1s diversas.<\/p>\n<p>Organizado por: Inforesidencia.com y la Fundaci\u00f3n FiraGran<\/p>\n<p>Patrocinado por: M\u00e9mora Fundaci\u00f3n<\/p>\n<p>Todo el temario e Inscripci\u00f3n: <a href=\"https:\/\/www.firagran.com\/m_jornada_innovacio_residencies_firagran2020\/m_jornada_innovacio_residencies_firagran2020.html\">https:\/\/www.firagran.com\/m_jornada_innovacio_residencies_firagran2020\/m_jornada_innovacio_residencies_firagran2020.html<\/a><\/p>\n","protected":false},"excerpt":{"rendered":"<p>HORARIO: 19 de noviembre 2020 de 18.00h a 20.15h Jornada online a trav\u00e9s de la plataforma Zoom (se enviar\u00e1 enlace a todos los inscritos) Inscripci\u00f3n gratuita Objetivo de la Jornada: La pandemia de coronavirus ha <a href=\"https:\/\/firagran.com\/es\/jornada-firagran-2020-innovacion-en-residencias-de-gente-mayor-nuevos-retos-nuevas-soluciones\/\"> [&#8230;]<\/a><\/p>\n","protected":false},"author":2,"featured_media":12441,"comment_status":"closed","ping_status":"closed","sticky":false,"template":"","format":"standard","meta":{"footnotes":""},"categories":[28,72],"tags":[],"class_list":["post-12443","post","type-post","status-publish","format-standard","has-post-thumbnail","hentry","category-general-es","category-residencias-centros-de-dia-y-viviendas-tuteladas"],"_links":{"self":[{"href":"https:\/\/firagran.com\/es\/wp-json\/wp\/v2\/posts\/12443","targetHints":{"allow":["GET"]}}],"collection":[{"href":"https:\/\/firagran.com\/es\/wp-json\/wp\/v2\/posts"}],"about":[{"href":"https:\/\/firagran.com\/es\/wp-json\/wp\/v2\/types\/post"}],"author":[{"embeddable":true,"href":"https:\/\/firagran.com\/es\/wp-json\/wp\/v2\/users\/2"}],"replies":[{"embeddable":true,"href":"https:\/\/firagran.com\/es\/wp-json\/wp\/v2\/comments?post=12443"}],"version-history":[{"count":2,"href":"https:\/\/firagran.com\/es\/wp-json\/wp\/v2\/posts\/12443\/revisions"}],"predecessor-version":[{"id":12446,"href":"https:\/\/firagran.com\/es\/wp-json\/wp\/v2\/posts\/12443\/revisions\/12446"}],"wp:featuredmedia":[{"embeddable":true,"href":"https:\/\/firagran.com\/es\/wp-json\/wp\/v2\/media\/12441"}],"wp:attachment":[{"href":"https:\/\/firagran.com\/es\/wp-json\/wp\/v2\/media?parent=12443"}],"wp:term":[{"taxonomy":"category","embeddable":true,"href":"https:\/\/firagran.com\/es\/wp-json\/wp\/v2\/categories?post=12443"},{"taxonomy":"post_tag","embeddable":true,"href":"https:\/\/firagran.com\/es\/wp-json\/wp\/v2\/tags?post=12443"}],"curies":[{"name":"wp","href":"https:\/\/api.w.org\/{rel}","templated":true}]}}