{"id":12518,"date":"2020-12-02T08:00:34","date_gmt":"2020-12-02T07:00:34","guid":{"rendered":"https:\/\/firagran.com\/?p=12518"},"modified":"2020-11-26T17:26:38","modified_gmt":"2020-11-26T16:26:38","slug":"vacunacion-en-las-personas-mayores-entrevista-a-dr-jordi-foraster-y-rosello-metge-de-cabecera","status":"publish","type":"post","link":"https:\/\/firagran.com\/es\/vacunacion-en-las-personas-mayores-entrevista-a-dr-jordi-foraster-y-rosello-metge-de-cabecera\/","title":{"rendered":"Vacunaci\u00f3n en las personas mayores &#8211; Entrevista a Dr. Jordi Foraster y Rosell\u00f3 \/ Metge de cabecera"},"content":{"rendered":"<p><strong>\u00bfDe qu\u00e9 hablamos?<\/strong><\/p>\n<p>Una vacuna es un preparado de ant\u00edgenos que una vez dentro del organismo provoca el desarrollo de anticuerpos frente a microorganismos pat\u00f3genos, produciendo una respuesta inmunitaria estable en el tiempo, que nos confiere protecci\u00f3n ante las enfermedades de las cuales nos hemos vacunado. La primera vacuna utilizada fue la de la viruela el 1796, descubrimiento del investigador Edward Jenner.<\/p>\n<p>Durante el siglo XX la vacunaci\u00f3n ha sido una de las medidas de m\u00e1s impacto en la salud p\u00fablica, puesto que con su administraci\u00f3n se ha conseguido disminuir la mortalidad por enfermedades infecciosas. Con la excepci\u00f3n del acceso al agua potable, no ha habido otra medida preventiva o terap\u00e9utica, ni siquiera los antibi\u00f3ticos, que haya tenido m\u00e1s efecto en la reducci\u00f3n de la mortalidad de la poblaci\u00f3n del mundo y con la cual se ha conseguido hitos hist\u00f3ricos, como por ejemplo la erradicaci\u00f3n mundial de la viruela en 1980 y una bajada importando de la mortalidad en otras muchas enfermedades infecciosas.<\/p>\n<p>Ya sabemos que, fundamentalmente, es la poblaci\u00f3n infantil la que se somete en un calendario exhaustivo de vacunaciones y que muy a menudo se ampl\u00edan con nuevas vacunas que se a\u00f1aden a las ya existentes. Pero tambi\u00e9n la gente mayor tiene una serie de vacunas recomendadas para protegerla de las enfermedades, puesto que atendida su edad tiene el sistema inmunitario debilitado, o en otros casos, la presencia de enfermedades cr\u00f3nicas hace que sea m\u00e1s susceptibles de sufrir otras enfermedades o que cuando las contrae, lo hace de manera m\u00e1s grave.<\/p>\n<p>Dicho esto como pre\u00e1mbulo, para remarcar la importancia de las vacunas como medida preventiva para evitar enfermedades infecciosas, vamos a ver cu\u00e1les son las m\u00e1s aconsejables para la gente mayor y en qu\u00e9 situaciones las aplicaremos.<\/p>\n<p><strong>\u00bfQu\u00e9 vacunas ser\u00edan las recomendables para las personas mayores?<\/strong><\/p>\n<p>Vacuna de la gripe<\/p>\n<p>El a\u00f1o 1944 se desarroll\u00f3 la primera vacuna contra la gripe. Cada a\u00f1o desde 1992 un grupo de expertos de la Uni\u00f3n Europea decide el tronco de los virus de la campa\u00f1a siguiente en relaci\u00f3n con la situaci\u00f3n epidemiol\u00f3gica. Por ejemplo, hace dos a\u00f1os apareci\u00f3 la gripe A y desde el a\u00f1o pasado la vacuna ya incorpora el tronco de la gripe A. Esta, quiz\u00e1s, es la vacuna m\u00e1s famosa para la gente mayor. Cada a\u00f1o, entre octubre y noviembre, se lleva a cabo la campa\u00f1a de vacunaci\u00f3n, con la cual se consigue una participaci\u00f3n importante de la poblaci\u00f3n y una efectividad de la vacuna \u2014que tiene una validez de un a\u00f1o\u2014 del 80%. Se recomienda su administraci\u00f3n en toda la poblaci\u00f3n m\u00e1s grande de 65 a\u00f1os y especialmente a los enfermos cr\u00f3nicos (card\u00edacos, pulmonares, diab\u00e9ticos, hep\u00e1ticos, oncol\u00f3gicos, trasplantados, etc.) y tambi\u00e9n, muy especialmente, a la gente mayor que reside en instituciones cerradas y a sus convivientes o cuidadores.<\/p>\n<p>Toda la entrevista: <a href=\"https:\/\/envellimentsaludable.com\/vacunacio-en-les-persones-grans\/\">https:\/\/envellimentsaludable.com\/vacunacio-en-les-persones-grans\/<\/a><\/p>\n","protected":false},"excerpt":{"rendered":"<p>\u00bfDe qu\u00e9 hablamos? Una vacuna es un preparado de ant\u00edgenos que una vez dentro del organismo provoca el desarrollo de anticuerpos frente a microorganismos pat\u00f3genos, produciendo una respuesta inmunitaria estable en el tiempo, que nos <a href=\"https:\/\/firagran.com\/es\/vacunacion-en-las-personas-mayores-entrevista-a-dr-jordi-foraster-y-rosello-metge-de-cabecera\/\"> [&#8230;]<\/a><\/p>\n","protected":false},"author":2,"featured_media":12519,"comment_status":"closed","ping_status":"closed","sticky":false,"template":"","format":"standard","meta":{"footnotes":""},"categories":[94,74],"tags":[],"class_list":["post-12518","post","type-post","status-publish","format-standard","has-post-thumbnail","hentry","category-enfermedades","category-entrevistas"],"_links":{"self":[{"href":"https:\/\/firagran.com\/es\/wp-json\/wp\/v2\/posts\/12518","targetHints":{"allow":["GET"]}}],"collection":[{"href":"https:\/\/firagran.com\/es\/wp-json\/wp\/v2\/posts"}],"about":[{"href":"https:\/\/firagran.com\/es\/wp-json\/wp\/v2\/types\/post"}],"author":[{"embeddable":true,"href":"https:\/\/firagran.com\/es\/wp-json\/wp\/v2\/users\/2"}],"replies":[{"embeddable":true,"href":"https:\/\/firagran.com\/es\/wp-json\/wp\/v2\/comments?post=12518"}],"version-history":[{"count":1,"href":"https:\/\/firagran.com\/es\/wp-json\/wp\/v2\/posts\/12518\/revisions"}],"predecessor-version":[{"id":12521,"href":"https:\/\/firagran.com\/es\/wp-json\/wp\/v2\/posts\/12518\/revisions\/12521"}],"wp:featuredmedia":[{"embeddable":true,"href":"https:\/\/firagran.com\/es\/wp-json\/wp\/v2\/media\/12519"}],"wp:attachment":[{"href":"https:\/\/firagran.com\/es\/wp-json\/wp\/v2\/media?parent=12518"}],"wp:term":[{"taxonomy":"category","embeddable":true,"href":"https:\/\/firagran.com\/es\/wp-json\/wp\/v2\/categories?post=12518"},{"taxonomy":"post_tag","embeddable":true,"href":"https:\/\/firagran.com\/es\/wp-json\/wp\/v2\/tags?post=12518"}],"curies":[{"name":"wp","href":"https:\/\/api.w.org\/{rel}","templated":true}]}}