{"id":12534,"date":"2020-12-07T08:00:55","date_gmt":"2020-12-07T07:00:55","guid":{"rendered":"https:\/\/firagran.com\/?p=12534"},"modified":"2020-12-02T16:20:54","modified_gmt":"2020-12-02T15:20:54","slug":"un-arbol-para-cada-recuerdo-el-homenaje-a-los-difuntos-de-2020","status":"publish","type":"post","link":"https:\/\/firagran.com\/es\/un-arbol-para-cada-recuerdo-el-homenaje-a-los-difuntos-de-2020\/","title":{"rendered":"Un \u00e1rbol para cada recuerdo: el homenaje a los difuntos de 2020"},"content":{"rendered":"<p>M\u00e9mora ofrece de forma gratuita la posibilidad de plantar un \u00e1rbol en memoria de las personas que han fallecido este a\u00f1o.<\/p>\n<p>Con distancia, en una m\u00e1s que estricta intimidad y sin poder contar con el alivio de un largo abrazo, 2020 ha hecho a\u00fan m\u00e1s dif\u00edcil lo que de por s\u00ed ya era: decir adi\u00f3s a un ser querido. Hacerlo en un contexto que exige las m\u00e1ximas precauciones para evitar la transmisi\u00f3n de un virus que en pocos meses se ha llevado demasiado. Unas circunstancias que dificultan las habituales ceremonias de despedida con el apoyo de los nuestros pero que han propiciado la puesta en marcha de In Arboriam.<\/p>\n<p>Esta iniciativa de M\u00e9mora ofrece a todas las familias que han utilizado sus servicios funerarios la posibilidad de plantar un \u00e1rbol como homenaje a la persona fallecida, sembrando vida all\u00ed donde es m\u00e1s necesaria. El acto institucional se transforma as\u00ed en un gesto para mantener vivo su recuerdo y acercar a las familias a un duelo en positivo. Un homenaje a los que se han ido que, ayudando a reforestar el planeta, quiere ser un soplo de vida para los que se quedan.<\/p>\n<p>Leer m\u00e1s: <a href=\"https:\/\/www.lavanguardia.com\/vida\/20201111\/49264006843\/arbol-para-cada-recuerdo-homenaje-difuntos-2020-brl.html\">https:\/\/www.lavanguardia.com\/vida\/20201111\/49264006843\/arbol-para-cada-recuerdo-homenaje-difuntos-2020-brl.html<\/a><\/p>\n<p>Fuente: <a href=\"https:\/\/www.lavanguardia.com\/\">https:\/\/www.lavanguardia.com\/<\/a><\/p>\n","protected":false},"excerpt":{"rendered":"<p>M\u00e9mora ofrece de forma gratuita la posibilidad de plantar un \u00e1rbol en memoria de las personas que han fallecido este a\u00f1o. Con distancia, en una m\u00e1s que estricta intimidad y sin poder contar con el <a href=\"https:\/\/firagran.com\/es\/un-arbol-para-cada-recuerdo-el-homenaje-a-los-difuntos-de-2020\/\"> [&#8230;]<\/a><\/p>\n","protected":false},"author":2,"featured_media":12535,"comment_status":"closed","ping_status":"closed","sticky":false,"template":"","format":"standard","meta":{"footnotes":""},"categories":[86,28],"tags":[],"class_list":["post-12534","post","type-post","status-publish","format-standard","has-post-thumbnail","hentry","category-servicios-funerarios","category-general-es"],"_links":{"self":[{"href":"https:\/\/firagran.com\/es\/wp-json\/wp\/v2\/posts\/12534","targetHints":{"allow":["GET"]}}],"collection":[{"href":"https:\/\/firagran.com\/es\/wp-json\/wp\/v2\/posts"}],"about":[{"href":"https:\/\/firagran.com\/es\/wp-json\/wp\/v2\/types\/post"}],"author":[{"embeddable":true,"href":"https:\/\/firagran.com\/es\/wp-json\/wp\/v2\/users\/2"}],"replies":[{"embeddable":true,"href":"https:\/\/firagran.com\/es\/wp-json\/wp\/v2\/comments?post=12534"}],"version-history":[{"count":1,"href":"https:\/\/firagran.com\/es\/wp-json\/wp\/v2\/posts\/12534\/revisions"}],"predecessor-version":[{"id":12537,"href":"https:\/\/firagran.com\/es\/wp-json\/wp\/v2\/posts\/12534\/revisions\/12537"}],"wp:featuredmedia":[{"embeddable":true,"href":"https:\/\/firagran.com\/es\/wp-json\/wp\/v2\/media\/12535"}],"wp:attachment":[{"href":"https:\/\/firagran.com\/es\/wp-json\/wp\/v2\/media?parent=12534"}],"wp:term":[{"taxonomy":"category","embeddable":true,"href":"https:\/\/firagran.com\/es\/wp-json\/wp\/v2\/categories?post=12534"},{"taxonomy":"post_tag","embeddable":true,"href":"https:\/\/firagran.com\/es\/wp-json\/wp\/v2\/tags?post=12534"}],"curies":[{"name":"wp","href":"https:\/\/api.w.org\/{rel}","templated":true}]}}