{"id":12639,"date":"2021-01-12T09:01:44","date_gmt":"2021-01-12T08:01:44","guid":{"rendered":"https:\/\/firagran.com\/?p=12639"},"modified":"2021-01-12T09:01:44","modified_gmt":"2021-01-12T08:01:44","slug":"el-20-de-las-residencias-catalanas-tienen-como-minimo-un-positivo","status":"publish","type":"post","link":"https:\/\/firagran.com\/es\/el-20-de-las-residencias-catalanas-tienen-como-minimo-un-positivo\/","title":{"rendered":"El 20% de las residencias catalanas tienen como m\u00ednimo un positivo"},"content":{"rendered":"<p>Aumentan a 81 los centros con brotes incontrolados y se vuelve a las cifras de principio de mes<\/p>\n<p>Situaci\u00f3n delicada a las residencias de personas mayores. Hay 217 centros, el 20% de los 1.045 totales, que tienen como m\u00ednimo un caso positivo entre los usuarios, seg\u00fan datos del departamento de Salud con fecha del 4 de enero. Concretamente, 81 (8%) est\u00e1n clasificados como centros rojos \u2013tienen un brote descontrolado\u2013 y 136 (13%) como naranjas \u2013tienen casos confirmados pero en fase de estabilizaci\u00f3n\u2013. El resto, 828 (79%), son verdes y, por lo tanto, no tienen ning\u00fan contagio.<\/p>\n<p>De hecho, son cifras bastante parecidas a las registradas a principios de diciembre, pero han empeorado ligeramente si se comparan con los datos de hace dos semanas.<\/p>\n<p>Leer m\u00e1s: <a href=\"https:\/\/www.ara.cat\/societat\/residencies-catalanes-tenen-minim-positiu_0_2594740671.html\">https:\/\/www.ara.cat\/societat\/residencies-catalanes-tenen-minim-positiu_0_2594740671.html<\/a><\/p>\n<p>Fuente: <a href=\"http:\/\/www.ara.cat\">www.ara.cat<\/a><\/p>\n","protected":false},"excerpt":{"rendered":"<p>Aumentan a 81 los centros con brotes incontrolados y se vuelve a las cifras de principio de mes Situaci\u00f3n delicada a las residencias de personas mayores. Hay 217 centros, el 20% de los 1.045 totales, <a href=\"https:\/\/firagran.com\/es\/el-20-de-las-residencias-catalanas-tienen-como-minimo-un-positivo\/\"> [&#8230;]<\/a><\/p>\n","protected":false},"author":2,"featured_media":12637,"comment_status":"closed","ping_status":"closed","sticky":false,"template":"","format":"standard","meta":{"footnotes":""},"categories":[94,72],"tags":[],"class_list":["post-12639","post","type-post","status-publish","format-standard","has-post-thumbnail","hentry","category-enfermedades","category-residencias-centros-de-dia-y-viviendas-tuteladas"],"_links":{"self":[{"href":"https:\/\/firagran.com\/es\/wp-json\/wp\/v2\/posts\/12639","targetHints":{"allow":["GET"]}}],"collection":[{"href":"https:\/\/firagran.com\/es\/wp-json\/wp\/v2\/posts"}],"about":[{"href":"https:\/\/firagran.com\/es\/wp-json\/wp\/v2\/types\/post"}],"author":[{"embeddable":true,"href":"https:\/\/firagran.com\/es\/wp-json\/wp\/v2\/users\/2"}],"replies":[{"embeddable":true,"href":"https:\/\/firagran.com\/es\/wp-json\/wp\/v2\/comments?post=12639"}],"version-history":[{"count":1,"href":"https:\/\/firagran.com\/es\/wp-json\/wp\/v2\/posts\/12639\/revisions"}],"predecessor-version":[{"id":12640,"href":"https:\/\/firagran.com\/es\/wp-json\/wp\/v2\/posts\/12639\/revisions\/12640"}],"wp:featuredmedia":[{"embeddable":true,"href":"https:\/\/firagran.com\/es\/wp-json\/wp\/v2\/media\/12637"}],"wp:attachment":[{"href":"https:\/\/firagran.com\/es\/wp-json\/wp\/v2\/media?parent=12639"}],"wp:term":[{"taxonomy":"category","embeddable":true,"href":"https:\/\/firagran.com\/es\/wp-json\/wp\/v2\/categories?post=12639"},{"taxonomy":"post_tag","embeddable":true,"href":"https:\/\/firagran.com\/es\/wp-json\/wp\/v2\/tags?post=12639"}],"curies":[{"name":"wp","href":"https:\/\/api.w.org\/{rel}","templated":true}]}}