{"id":12680,"date":"2021-01-29T07:45:21","date_gmt":"2021-01-29T06:45:21","guid":{"rendered":"https:\/\/firagran.com\/?p=12680"},"modified":"2021-01-27T13:46:28","modified_gmt":"2021-01-27T12:46:28","slug":"espaicaixa-girona-impulsa-talleres-en-linea-pora-personas-mayores-a-causa-de-la-covid","status":"publish","type":"post","link":"https:\/\/firagran.com\/es\/espaicaixa-girona-impulsa-talleres-en-linea-pora-personas-mayores-a-causa-de-la-covid\/","title":{"rendered":"EspaiCaixa Girona impulsa talleres en l\u00ednea pora personas mayores a causa de la COVID"},"content":{"rendered":"<p>El objetivo es proponer actividades para aumentar la motivaci\u00f3n por el d\u00eda a d\u00eda y ganar en salud y bienestar<\/p>\n<p>EspaiCaixa Girona se ha reinventado impulsando talleres en l\u00ednea en directo para personas mayores de 60 a\u00f1os, o de 55 si son pensionistas. Teniendo en cuenta la situaci\u00f3n derivada del contexto de pandemia, el Programa de Gente mayor de la Fundaci\u00f3n la Caixa ha adaptado las actividades a las necesidades actuales.<\/p>\n<p>El objetivo de esta iniciativa es favorecer la salud y el bienestar de las personas mayores y aumentar la motivaci\u00f3n por el d\u00eda a d\u00eda a trav\u00e9s de actividades y v\u00ednculos diferentes. En esta l\u00ednea, se ofrecer\u00e1n diferentes itinerarios gratuitos, entre los cuales dedicados a la salud, desarrollo personal, tecnolog\u00eda, cultura y arte.<\/p>\n<p>Fuente: <a href=\"https:\/\/www.diaridegirona.cat\/comarques\/2021\/01\/25\/espaicaixa-girona-impulsa-tallers-linia\/1085037.html\">https:\/\/www.diaridegirona.cat\/comarques\/2021\/01\/25\/espaicaixa-girona-impulsa-tallers-linia\/1085037.html<\/a><\/p>\n","protected":false},"excerpt":{"rendered":"<p>El objetivo es proponer actividades para aumentar la motivaci\u00f3n por el d\u00eda a d\u00eda y ganar en salud y bienestar EspaiCaixa Girona se ha reinventado impulsando talleres en l\u00ednea en directo para personas mayores de <a href=\"https:\/\/firagran.com\/es\/espaicaixa-girona-impulsa-talleres-en-linea-pora-personas-mayores-a-causa-de-la-covid\/\"> [&#8230;]<\/a><\/p>\n","protected":false},"author":2,"featured_media":12681,"comment_status":"closed","ping_status":"closed","sticky":false,"template":"","format":"standard","meta":{"footnotes":""},"categories":[75,73],"tags":[],"class_list":["post-12680","post","type-post","status-publish","format-standard","has-post-thumbnail","hentry","category-envejecimiento-activo","category-servicios-y-ayudas-publicas"],"_links":{"self":[{"href":"https:\/\/firagran.com\/es\/wp-json\/wp\/v2\/posts\/12680","targetHints":{"allow":["GET"]}}],"collection":[{"href":"https:\/\/firagran.com\/es\/wp-json\/wp\/v2\/posts"}],"about":[{"href":"https:\/\/firagran.com\/es\/wp-json\/wp\/v2\/types\/post"}],"author":[{"embeddable":true,"href":"https:\/\/firagran.com\/es\/wp-json\/wp\/v2\/users\/2"}],"replies":[{"embeddable":true,"href":"https:\/\/firagran.com\/es\/wp-json\/wp\/v2\/comments?post=12680"}],"version-history":[{"count":1,"href":"https:\/\/firagran.com\/es\/wp-json\/wp\/v2\/posts\/12680\/revisions"}],"predecessor-version":[{"id":12683,"href":"https:\/\/firagran.com\/es\/wp-json\/wp\/v2\/posts\/12680\/revisions\/12683"}],"wp:featuredmedia":[{"embeddable":true,"href":"https:\/\/firagran.com\/es\/wp-json\/wp\/v2\/media\/12681"}],"wp:attachment":[{"href":"https:\/\/firagran.com\/es\/wp-json\/wp\/v2\/media?parent=12680"}],"wp:term":[{"taxonomy":"category","embeddable":true,"href":"https:\/\/firagran.com\/es\/wp-json\/wp\/v2\/categories?post=12680"},{"taxonomy":"post_tag","embeddable":true,"href":"https:\/\/firagran.com\/es\/wp-json\/wp\/v2\/tags?post=12680"}],"curies":[{"name":"wp","href":"https:\/\/api.w.org\/{rel}","templated":true}]}}