{"id":12759,"date":"2021-03-05T08:00:32","date_gmt":"2021-03-05T07:00:32","guid":{"rendered":"https:\/\/firagran.com\/?p=12759"},"modified":"2021-02-25T11:26:01","modified_gmt":"2021-02-25T10:26:01","slug":"vuelven-los-cursos-y-talleres-para-las-personas-mayores-de-mollet-a-pesar-de-la-pandemia","status":"publish","type":"post","link":"https:\/\/firagran.com\/es\/vuelven-los-cursos-y-talleres-para-las-personas-mayores-de-mollet-a-pesar-de-la-pandemia\/","title":{"rendered":"Vuelven los cursos y talleres para las personas mayores de Mollet, a pesar de la pandemia."},"content":{"rendered":"<p>La novedad de este a\u00f1o es que la oferta ser\u00e1 virtual, a causa de la situaci\u00f3n derivada de la Covid-19<\/p>\n<p>Desde el consistorio se\u00f1alan que se han inscrito 150 personas a los 32 cursos ofrecidos<\/p>\n<p>El lunes 8 de febrero empez\u00f3 la programaci\u00f3n de Actividades, Cursos y Talleres para personas mayores \u00a02021 que ofrece el Ayuntamiento de Mollet del Vall\u00e8s (Vall\u00e8s Oriental). La novedad de este a\u00f1o es que la oferta ser\u00e1 virtual a causa de la situaci\u00f3n derivada de la Covid-19.<\/p>\n<p>A trav\u00e9s de plataformas como Zoom, WhatsApp y otros recursos telem\u00e1ticos, las personas mayores de 55 a\u00f1os de Mollet tienen la posibilidad de seguir en contacto con la formaci\u00f3n de la cual pod\u00edan disfrutar antes del estado de emergencia provocado por la pandemia. Desde el consistorio se\u00f1alan que se han inscrito 150 personas a los 32 cursos ofrecidos.<\/p>\n<p>Leer m\u00e1s: <a href=\"https:\/\/www.elperiodico.cat\/ca\/mollet-del-valles\/20210212\/cursos-tallers-gent-gran-mollet-11515677\">https:\/\/www.elperiodico.cat\/ca\/mollet-del-valles\/20210212\/cursos-tallers-gent-gran-mollet-11515677<\/a><\/p>\n<p>Fuente:: <a href=\"https:\/\/www.elperiodico.cat\/\">https:\/\/www.elperiodico.cat\/<\/a><\/p>\n","protected":false},"excerpt":{"rendered":"<p>La novedad de este a\u00f1o es que la oferta ser\u00e1 virtual, a causa de la situaci\u00f3n derivada de la Covid-19 Desde el consistorio se\u00f1alan que se han inscrito 150 personas a los 32 cursos ofrecidos <a href=\"https:\/\/firagran.com\/es\/vuelven-los-cursos-y-talleres-para-las-personas-mayores-de-mollet-a-pesar-de-la-pandemia\/\"> [&#8230;]<\/a><\/p>\n","protected":false},"author":2,"featured_media":12760,"comment_status":"closed","ping_status":"closed","sticky":false,"template":"","format":"standard","meta":{"footnotes":""},"categories":[75,78,79],"tags":[],"class_list":["post-12759","post","type-post","status-publish","format-standard","has-post-thumbnail","hentry","category-envejecimiento-activo","category-formacion","category-nuevas-tecnologias"],"_links":{"self":[{"href":"https:\/\/firagran.com\/es\/wp-json\/wp\/v2\/posts\/12759","targetHints":{"allow":["GET"]}}],"collection":[{"href":"https:\/\/firagran.com\/es\/wp-json\/wp\/v2\/posts"}],"about":[{"href":"https:\/\/firagran.com\/es\/wp-json\/wp\/v2\/types\/post"}],"author":[{"embeddable":true,"href":"https:\/\/firagran.com\/es\/wp-json\/wp\/v2\/users\/2"}],"replies":[{"embeddable":true,"href":"https:\/\/firagran.com\/es\/wp-json\/wp\/v2\/comments?post=12759"}],"version-history":[{"count":2,"href":"https:\/\/firagran.com\/es\/wp-json\/wp\/v2\/posts\/12759\/revisions"}],"predecessor-version":[{"id":12763,"href":"https:\/\/firagran.com\/es\/wp-json\/wp\/v2\/posts\/12759\/revisions\/12763"}],"wp:featuredmedia":[{"embeddable":true,"href":"https:\/\/firagran.com\/es\/wp-json\/wp\/v2\/media\/12760"}],"wp:attachment":[{"href":"https:\/\/firagran.com\/es\/wp-json\/wp\/v2\/media?parent=12759"}],"wp:term":[{"taxonomy":"category","embeddable":true,"href":"https:\/\/firagran.com\/es\/wp-json\/wp\/v2\/categories?post=12759"},{"taxonomy":"post_tag","embeddable":true,"href":"https:\/\/firagran.com\/es\/wp-json\/wp\/v2\/tags?post=12759"}],"curies":[{"name":"wp","href":"https:\/\/api.w.org\/{rel}","templated":true}]}}