{"id":12871,"date":"2021-03-17T15:09:19","date_gmt":"2021-03-17T14:09:19","guid":{"rendered":"https:\/\/firagran.com\/?p=12871"},"modified":"2021-03-17T15:09:47","modified_gmt":"2021-03-17T14:09:47","slug":"estudio-de-la-fundacion-firagran-sobre-impacto-de-la-covid-en-las-personas-mayores","status":"publish","type":"post","link":"https:\/\/firagran.com\/es\/estudio-de-la-fundacion-firagran-sobre-impacto-de-la-covid-en-las-personas-mayores\/","title":{"rendered":"Estudio de la Fundaci\u00f3n FiraGran sobre: \u201cImpacto de la COVID en las personas mayores\u201d"},"content":{"rendered":"<p><strong>Estudio de la Fundaci\u00f3n FiraGran sobre:<\/strong><\/p>\n<p><strong>\u201cImpacto de la COVID en las personas mayores\u201d<\/strong><\/p>\n<ul>\n<li><strong> La tristeza y la impotencia se dispararon en las personas mayores durante el confinamiento domiciliario por la COVID19.<\/strong><strong>\u00a0<\/strong><\/li>\n<\/ul>\n<ul>\n<li><strong> La soledad la gran consecuencia de la COVID19 entre las personas mayores.<\/strong><\/li>\n<\/ul>\n<ul>\n<li><strong> El whats app la herramienta m\u00e1s utilizada por las personas mayores para combatir la soledad.<\/strong><\/li>\n<\/ul>\n<p>&nbsp;<\/p>\n<p>La fatiga pand\u00e9mica, s\u00edndrome bautizado por la Organizaci\u00f3n Mundial de la Salud motivado por el cansancio en el desempe\u00f1o de medidas restrictivas por la COVID y que puede probar insomnio, estr\u00e9s, irritabilidad, tristeza, ansiedad o frustraci\u00f3n actualmente ya afecta al 60% de la poblaci\u00f3n europea, seg\u00fan cifras del mismo organismo.<\/p>\n<p>Estos sentimientos de tristeza e impotencia, mayoritariamente por la rotura de las relaciones sociales y, en algunos casos, por la sensaci\u00f3n de soledad, ya se empezaron a disparar en las personas m\u00e1s grandes de 65 a\u00f1os de edad de Catalu\u00f1a despu\u00e9s del confinamiento domiciliario provocado por la COVID19.<\/p>\n<p>As\u00ed lo constat\u00f3 el estudio Impacto de la COVID en las personas mayores, que se realiz\u00f3 entre los meses de junio y octubre del 2020, despu\u00e9s del confinamiento domiciliario, del que ahora se celebra un a\u00f1o, y que ha sido elaborado por la Fundaci\u00f3n FiraGran y la Fundaci\u00f3n M\u00e9mora, con la colaboraci\u00f3n de la Asociaci\u00f3n Siena, a partir de una encuesta a 1.422 personas m\u00e1s grandes de 65 a\u00f1os de edad de toda Catalu\u00f1a.<\/p>\n<p>&nbsp;<\/p>\n<p>Las principales conclusiones de este estudio sue\u00f1o:<\/p>\n<p><strong>La tristeza y la impotencia los dos sentimientos de las personas mayores durante el confinamiento<\/strong><\/p>\n<p>El 47,4% de personas mayores durante el confinamiento tuvieron sentimientos de tristeza, mientras que un 46,7% sintieron impotencia, un 22,1% miedo y un 22,1% ansiedad. En el caso de las mujeres, los sentimientos de tristeza e impotencia, con un 52% y un 43,5%, respectivamente, tuvieron m\u00e1s pes que en los hombres.<\/p>\n<p>A pesar de esta situaci\u00f3n, el 35% de personas encuestadas tambi\u00e9n reconocieron que durante el confinamiento estuvieron tranquilos y un 6,5% que se mantuvieron optimistas, todo y la aplicaci\u00f3n de medidas restrictivas.<\/p>\n<p><strong>Sentimientos de la COVID-19.<\/strong><\/p>\n<table>\n<tbody>\n<tr>\n<td width=\"203\"><strong>Sensacions\/sentiments<\/strong><\/td>\n<td width=\"127\"><strong>Valor Absolut<\/strong><\/td>\n<td width=\"93\"><strong>%<\/strong><\/td>\n<\/tr>\n<tr>\n<td width=\"203\">Tristor<\/td>\n<td width=\"127\">674<\/td>\n<td width=\"93\">47,4%<\/td>\n<\/tr>\n<tr>\n<td width=\"203\">Impot\u00e8ncia<\/td>\n<td width=\"127\">664<\/td>\n<td width=\"93\">46,7%<\/td>\n<\/tr>\n<tr>\n<td width=\"203\">Tranquil\u00b7litat<\/td>\n<td width=\"127\">500<\/td>\n<td width=\"93\">35,2%<\/td>\n<\/tr>\n<tr>\n<td width=\"203\">Ansietat<\/td>\n<td width=\"127\">314<\/td>\n<td width=\"93\">22,1%<\/td>\n<\/tr>\n<tr>\n<td width=\"203\">Por<\/td>\n<td width=\"127\">291<\/td>\n<td width=\"93\">20,5%<\/td>\n<\/tr>\n<tr>\n<td width=\"203\">Sorpresa<\/td>\n<td width=\"127\">181<\/td>\n<td width=\"93\">12,7%<\/td>\n<\/tr>\n<tr>\n<td width=\"203\">Optimisme<\/td>\n<td width=\"127\">93<\/td>\n<td width=\"93\">6,5%<\/td>\n<\/tr>\n<tr>\n<td width=\"203\">Euf\u00f2ria<\/td>\n<td width=\"127\">6<\/td>\n<td width=\"93\">,4%<\/td>\n<\/tr>\n<\/tbody>\n<\/table>\n<p>Font: Dades enquesta FiraGran 2020. Associaci\u00f3 SIENA.<\/p>\n<p><strong>\u00a0<\/strong><\/p>\n<p><strong>El WhatsApp, la primera v\u00eda para combatir la soledad<\/strong><\/p>\n<p>El 44,4% de personas mayores asegur\u00f3 que se sinti\u00f3 solo, ante un 55,6% que negaba haber sufrido soledad. De entre los que reconocen que sufrieron soledad, la principal v\u00eda para ayudar a combatir la sensaci\u00f3n de aislamiento social fue la comunicaci\u00f3n a trav\u00e9s de las nuevas tecnolog\u00edas.<\/p>\n<p>&nbsp;<\/p>\n<p><strong>Percepci\u00f3n de soledad durante el confinamiento.<\/strong><\/p>\n<table>\n<tbody>\n<tr>\n<td width=\"125\"><strong>Soledat<\/strong><\/td>\n<td width=\"85\"><strong>Valor Absolut<\/strong><\/td>\n<td width=\"57\"><strong>%<\/strong><\/td>\n<td width=\"93\"><strong>% v\u00e0lid<\/strong><\/td>\n<\/tr>\n<tr>\n<td width=\"125\">S\u00ed, alguna vegada<\/td>\n<td width=\"85\">568<\/td>\n<td width=\"57\">39,9<\/td>\n<td width=\"93\">40,0<\/td>\n<\/tr>\n<tr>\n<td width=\"125\">S\u00ed, sempre<\/td>\n<td width=\"85\">62<\/td>\n<td width=\"57\">4,4<\/td>\n<td width=\"93\">4,4<\/td>\n<\/tr>\n<tr>\n<td width=\"125\">No<\/td>\n<td width=\"85\">789<\/td>\n<td width=\"57\">55,5<\/td>\n<td width=\"93\">55,6<\/td>\n<\/tr>\n<tr>\n<td width=\"125\"><strong>Total v\u00e0lid<\/strong><\/td>\n<td width=\"85\"><strong>1419<\/strong><\/td>\n<td width=\"57\"><strong>99,8<\/strong><\/td>\n<td width=\"93\"><strong>100<\/strong><\/td>\n<\/tr>\n<tr>\n<td width=\"125\">No vull respondre<\/td>\n<td width=\"85\">3<\/td>\n<td width=\"57\">,2<\/td>\n<td width=\"93\"><\/td>\n<\/tr>\n<tr>\n<td width=\"125\"><strong>Total<\/strong><\/td>\n<td width=\"85\"><strong>1422<\/strong><\/td>\n<td width=\"57\"><strong>100<\/strong><\/td>\n<td width=\"93\"><strong>100<\/strong><\/td>\n<\/tr>\n<\/tbody>\n<\/table>\n<p>Font: Dades enquesta FiraGran 2020. Associaci\u00f3 SIENA.<\/p>\n<p>&nbsp;<\/p>\n<p>As\u00ed, un 88,9% de las personas mayores que se sintieron suelas durante aquella \u00e9poca hicieron uso muy especialmente del WhatsApp, pero tambi\u00e9n las llamadas, videotrucades e Internet, para comunicarse con familiares y amigos, un 26,5% recurrieron a la comunicaci\u00f3n presencial con los vecinos y un 78,9% utilizaron la televisi\u00f3n y la radio para combatir la soledad.<\/p>\n<p>&nbsp;<\/p>\n<p><strong>Mecanismos para combatir la soledad.<\/strong><\/p>\n<table>\n<tbody>\n<tr>\n<td width=\"251\"><strong>Combatre la soledat<\/strong><\/td>\n<td width=\"80\"><strong>Valor Absolut<\/strong><\/td>\n<td width=\"93\"><strong>%<\/strong><\/td>\n<\/tr>\n<tr>\n<td width=\"251\">Converses a trav\u00e9s de WhatsApp<\/td>\n<td width=\"80\">456<\/td>\n<td width=\"93\">73,4<\/td>\n<\/tr>\n<tr>\n<td width=\"251\">He mirat la TV<\/td>\n<td width=\"80\">453<\/td>\n<td width=\"93\">72,9<\/td>\n<\/tr>\n<tr>\n<td width=\"251\">He fet trucades telef\u00f2niques<\/td>\n<td width=\"80\">398<\/td>\n<td width=\"93\">64,1<\/td>\n<\/tr>\n<tr>\n<td width=\"251\">He fet videotrucades<\/td>\n<td width=\"80\">377<\/td>\n<td width=\"93\">60,7<\/td>\n<\/tr>\n<tr>\n<td width=\"251\">He escoltat la r\u00e0dio<\/td>\n<td width=\"80\">276<\/td>\n<td width=\"93\">44,4<\/td>\n<\/tr>\n<tr>\n<td width=\"251\">M&#8217;he connectat per Internet<\/td>\n<td width=\"80\">256<\/td>\n<td width=\"93\">41,2<\/td>\n<\/tr>\n<tr>\n<td width=\"251\">He parlat personalment amb ve\u00efns i ve\u00efnes<\/td>\n<td width=\"80\">164<\/td>\n<td width=\"93\">26,4<\/td>\n<\/tr>\n<tr>\n<td width=\"251\">Res<\/td>\n<td width=\"80\">25<\/td>\n<td width=\"93\">4,0<\/td>\n<\/tr>\n<\/tbody>\n<\/table>\n<p>Font: Dades enquesta FiraGran 2020. Associaci\u00f3 SIENA.<\/p>\n<p>&nbsp;<\/p>\n<p><strong>La importancia de la red de curas durante la pandemia<\/strong><\/p>\n<p>Respeto el trato que recibieron por parte de los medios de comunicaci\u00f3n, las administraciones, el sistema sanitario, la familia y las amistades y los vecinos, en general aprueban todos los entornos evaluados, pero las mejores puntuaciones se las llevan estos tres \u00faltimos col\u2022lectivos.<\/p>\n<p>As\u00ed, las notas medianas de las valoraciones fueron de una nota de 5,7 sobre manantial por los medios de comunicaci\u00f3n, un 5,6 para las administraciones p\u00fablicas, un 6,2 por el sistema de salud, un 9,1, por la familia y un 8,5 por las amistades y la vecindad.<\/p>\n<p>Estas cifras demuestran el impacto que la red de curas, formada por la familia, amigos y vecinos de las personas, est\u00e1 teniendo en la hora de afrontar la incertidumbre, el miedo, el cansancio y los efectos psicol\u00f3gicos de la pandemia por parte de la poblaci\u00f3n, en este caso de las personas mayores.<\/p>\n<p>&nbsp;<\/p>\n<p><strong>Valoraci\u00f3n del trato recibido durante el confinamiento hasta ahora por sectores.<\/strong><\/p>\n<table width=\"634\">\n<tbody>\n<tr>\n<td rowspan=\"2\" width=\"141\"><strong>\u00a0<\/strong><\/p>\n<p><strong>Valoraci\u00f3\u00a0\u00a0\u00a0\u00a0 durant\u00a0\u00a0\u00a0\u00a0 la Covid-19<\/strong><\/td>\n<td colspan=\"3\" width=\"164\"><strong>Mitjans de comunicaci\u00f3<\/strong><\/td>\n<td colspan=\"3\" width=\"164\"><strong>Administracions p\u00fabliques<\/strong><\/td>\n<td colspan=\"3\" width=\"164\"><strong>Sistema sanitari<\/strong><\/td>\n<\/tr>\n<tr>\n<td width=\"54\"><strong>Valor Absolut<\/strong><\/td>\n<td width=\"44\"><strong>%<\/strong><\/td>\n<td width=\"66\"><strong>% v\u00e0lid<\/strong><\/td>\n<td width=\"54\"><strong>Valor Absolut<\/strong><\/td>\n<td width=\"44\"><strong>%<\/strong><\/td>\n<td width=\"66\"><strong>% v\u00e0lid<\/strong><\/td>\n<td width=\"54\"><strong>Valor Absolut<\/strong><\/td>\n<td width=\"44\"><strong>%<\/strong><\/td>\n<td width=\"66\"><strong>% v\u00e0lid<\/strong><\/td>\n<\/tr>\n<tr>\n<td width=\"141\">Maltractat\/ada (0)<\/td>\n<td width=\"54\">31<\/td>\n<td width=\"44\">2,2<\/td>\n<td width=\"66\">2,5<\/td>\n<td width=\"54\">31<\/td>\n<td width=\"44\">2,2<\/td>\n<td width=\"66\">2,5<\/td>\n<td width=\"54\">33<\/td>\n<td width=\"44\">2,3<\/td>\n<td width=\"66\">3,1<\/td>\n<\/tr>\n<tr>\n<td width=\"141\">1<\/td>\n<td width=\"54\">26<\/td>\n<td width=\"44\">1,8<\/td>\n<td width=\"66\">2,1<\/td>\n<td width=\"54\">26<\/td>\n<td width=\"44\">1,8<\/td>\n<td width=\"66\">2,1<\/td>\n<td width=\"54\">28<\/td>\n<td width=\"44\">2,0<\/td>\n<td width=\"66\">2,7<\/td>\n<\/tr>\n<tr>\n<td width=\"141\">2<\/td>\n<td width=\"54\">36<\/td>\n<td width=\"44\">2,5<\/td>\n<td width=\"66\">3,0<\/td>\n<td width=\"54\">36<\/td>\n<td width=\"44\">2,5<\/td>\n<td width=\"66\">3,0<\/td>\n<td width=\"54\">45<\/td>\n<td width=\"44\">3,2<\/td>\n<td width=\"66\">4,3<\/td>\n<\/tr>\n<tr>\n<td width=\"141\">3<\/td>\n<td width=\"54\">72<\/td>\n<td width=\"44\">5,1<\/td>\n<td width=\"66\">5,9<\/td>\n<td width=\"54\">72<\/td>\n<td width=\"44\">5,1<\/td>\n<td width=\"66\">5,9<\/td>\n<td width=\"54\">53<\/td>\n<td width=\"44\">3,7<\/td>\n<td width=\"66\">5,0<\/td>\n<\/tr>\n<tr>\n<td width=\"141\">4<\/td>\n<td width=\"54\">83<\/td>\n<td width=\"44\">5,8<\/td>\n<td width=\"66\">6,8<\/td>\n<td width=\"54\">83<\/td>\n<td width=\"44\">5,8<\/td>\n<td width=\"66\">6,8<\/td>\n<td width=\"54\">64<\/td>\n<td width=\"44\">4,5<\/td>\n<td width=\"66\">6,1<\/td>\n<\/tr>\n<tr>\n<td width=\"141\">5<\/td>\n<td width=\"54\">325<\/td>\n<td width=\"44\">22,9<\/td>\n<td width=\"66\">26,7<\/td>\n<td width=\"54\">325<\/td>\n<td width=\"44\">22,9<\/td>\n<td width=\"66\">26,7<\/td>\n<td width=\"54\">185<\/td>\n<td width=\"44\">13,0<\/td>\n<td width=\"66\">17,6<\/td>\n<\/tr>\n<tr>\n<td width=\"141\">6<\/td>\n<td width=\"54\">212<\/td>\n<td width=\"44\">14,9<\/td>\n<td width=\"66\">17,4<\/td>\n<td width=\"54\">212<\/td>\n<td width=\"44\">14,9<\/td>\n<td width=\"66\">17,4<\/td>\n<td width=\"54\">134<\/td>\n<td width=\"44\">9,4<\/td>\n<td width=\"66\">12,7<\/td>\n<\/tr>\n<tr>\n<td width=\"141\">7<\/td>\n<td width=\"54\">174<\/td>\n<td width=\"44\">12,2<\/td>\n<td width=\"66\">14,3<\/td>\n<td width=\"54\">174<\/td>\n<td width=\"44\">12,2<\/td>\n<td width=\"66\">14,3<\/td>\n<td width=\"54\">147<\/td>\n<td width=\"44\">10,3<\/td>\n<td width=\"66\">14,0<\/td>\n<\/tr>\n<tr>\n<td width=\"141\">8<\/td>\n<td width=\"54\">162<\/td>\n<td width=\"44\">11,4<\/td>\n<td width=\"66\">13,3<\/td>\n<td width=\"54\">162<\/td>\n<td width=\"44\">11,4<\/td>\n<td width=\"66\">13,3<\/td>\n<td width=\"54\">167<\/td>\n<td width=\"44\">11,7<\/td>\n<td width=\"66\">15,9<\/td>\n<\/tr>\n<tr>\n<td width=\"141\">9<\/td>\n<td width=\"54\">60<\/td>\n<td width=\"44\">4,2<\/td>\n<td width=\"66\">4,9<\/td>\n<td width=\"54\">60<\/td>\n<td width=\"44\">4,2<\/td>\n<td width=\"66\">4,9<\/td>\n<td width=\"54\">120<\/td>\n<td width=\"44\">8,4<\/td>\n<td width=\"66\">11,4<\/td>\n<\/tr>\n<tr>\n<td width=\"141\">Molt ben tractat\/ada (10)<\/td>\n<td width=\"54\">36<\/td>\n<td width=\"44\">2,5<\/td>\n<td width=\"66\">3,0<\/td>\n<td width=\"54\">36<\/td>\n<td width=\"44\">2,5<\/td>\n<td width=\"66\">3,0<\/td>\n<td width=\"54\">77<\/td>\n<td width=\"44\">5,4<\/td>\n<td width=\"66\">7,3<\/td>\n<\/tr>\n<tr>\n<td width=\"141\"><strong>Total<\/strong><\/td>\n<td width=\"54\"><strong>1217<\/strong><\/td>\n<td width=\"44\"><strong>85,6<\/strong><\/td>\n<td width=\"66\"><strong>100<\/strong><\/td>\n<td width=\"54\"><strong>1217<\/strong><\/td>\n<td width=\"44\"><strong>85,6<\/strong><\/td>\n<td width=\"66\"><strong>100<\/strong><\/td>\n<td width=\"54\"><strong>1053<\/strong><\/td>\n<td width=\"44\"><strong>74,1<\/strong><\/td>\n<td width=\"66\"><strong>100<\/strong><\/td>\n<\/tr>\n<tr>\n<td width=\"141\">NS\/NC<\/td>\n<td width=\"54\">205<\/td>\n<td width=\"44\">14,4<\/td>\n<td width=\"66\"><\/td>\n<td width=\"54\">205<\/td>\n<td width=\"44\">14,4<\/td>\n<td width=\"66\"><\/td>\n<td width=\"54\">369<\/td>\n<td width=\"44\">25,9<\/td>\n<td width=\"66\"><\/td>\n<\/tr>\n<tr>\n<td width=\"141\"><strong>Total<\/strong><\/td>\n<td width=\"54\"><strong>1422<\/strong><\/td>\n<td width=\"44\"><strong>100<\/strong><\/td>\n<td width=\"66\"><\/td>\n<td width=\"54\"><strong>1422<\/strong><\/td>\n<td width=\"44\"><strong>100<\/strong><\/td>\n<td width=\"66\"><\/td>\n<td width=\"54\"><strong>1422<\/strong><\/td>\n<td width=\"44\"><strong>100<\/strong><\/td>\n<td width=\"66\"><\/td>\n<\/tr>\n<tr>\n<td width=\"141\"><strong>Mitjana<\/strong><\/td>\n<td colspan=\"3\" width=\"164\">5,7<\/td>\n<td colspan=\"3\" width=\"164\">5,6<\/td>\n<td colspan=\"3\" width=\"164\">6,2<\/td>\n<\/tr>\n<\/tbody>\n<\/table>\n<p>Font: Dades enquesta FiraGran 2020. Associaci\u00f3 SIENA.<\/p>\n<p>&nbsp;<\/p>\n<p><strong>Valoraci\u00f3n del trato recibido durante el confinamiento hasta ahora por sectores.<\/strong><\/p>\n<table>\n<tbody>\n<tr>\n<td rowspan=\"2\" width=\"141\"><strong>\u00a0<\/strong><\/p>\n<p><strong>Valoraci\u00f3\u00a0\u00a0\u00a0\u00a0 durant\u00a0\u00a0\u00a0\u00a0 la Covid-19<\/strong><\/td>\n<td colspan=\"3\" width=\"164\"><strong>Fam\u00edlia<\/strong><\/td>\n<td colspan=\"3\" width=\"164\"><strong>Amistats i ve\u00efnatge<\/strong><\/td>\n<\/tr>\n<tr>\n<td width=\"54\"><strong>Valor Absolut<\/strong><\/td>\n<td width=\"44\"><strong>%<\/strong><\/td>\n<td width=\"66\"><strong>% v\u00e0lid<\/strong><\/td>\n<td width=\"54\"><strong>Valor Absolut<\/strong><\/td>\n<td width=\"44\"><strong>%<\/strong><\/td>\n<td width=\"66\"><strong>% v\u00e0lid<\/strong><\/td>\n<\/tr>\n<tr>\n<td width=\"141\">Maltractat\/ada (0)<\/td>\n<td width=\"54\">5<\/td>\n<td width=\"44\">0,4<\/td>\n<td width=\"66\">0,4<\/td>\n<td width=\"54\">6<\/td>\n<td width=\"44\">0,4<\/td>\n<td width=\"66\">0,4<\/td>\n<\/tr>\n<tr>\n<td width=\"141\">1<\/td>\n<td width=\"54\">5<\/td>\n<td width=\"44\">0,4<\/td>\n<td width=\"66\">0,4<\/td>\n<td width=\"54\">2<\/td>\n<td width=\"44\">0,1<\/td>\n<td width=\"66\">0,1<\/td>\n<\/tr>\n<tr>\n<td width=\"141\">2<\/td>\n<td width=\"54\">3<\/td>\n<td width=\"44\">0,2<\/td>\n<td width=\"66\">0,2<\/td>\n<td width=\"54\">4<\/td>\n<td width=\"44\">0,3<\/td>\n<td width=\"66\">0,3<\/td>\n<\/tr>\n<tr>\n<td width=\"141\">3<\/td>\n<td width=\"54\">7<\/td>\n<td width=\"44\">0,5<\/td>\n<td width=\"66\">0,5<\/td>\n<td width=\"54\">6<\/td>\n<td width=\"44\">0,4<\/td>\n<td width=\"66\">0,4<\/td>\n<\/tr>\n<tr>\n<td width=\"141\">4<\/td>\n<td width=\"54\">8<\/td>\n<td width=\"44\">0,6<\/td>\n<td width=\"66\">0,6<\/td>\n<td width=\"54\">13<\/td>\n<td width=\"44\">0,9<\/td>\n<td width=\"66\">1,0<\/td>\n<\/tr>\n<tr>\n<td width=\"141\">5<\/td>\n<td width=\"54\">30<\/td>\n<td width=\"44\">2,1<\/td>\n<td width=\"66\">2,2<\/td>\n<td width=\"54\">53<\/td>\n<td width=\"44\">3,7<\/td>\n<td width=\"66\">4,0<\/td>\n<\/tr>\n<tr>\n<td width=\"141\">6<\/td>\n<td width=\"54\">44<\/td>\n<td width=\"44\">3,1<\/td>\n<td width=\"66\">3,3<\/td>\n<td width=\"54\">64<\/td>\n<td width=\"44\">4,5<\/td>\n<td width=\"66\">4,8<\/td>\n<\/tr>\n<tr>\n<td width=\"141\">7<\/td>\n<td width=\"54\">59<\/td>\n<td width=\"44\">4,1<\/td>\n<td width=\"66\">4,4<\/td>\n<td width=\"54\">127<\/td>\n<td width=\"44\">8,9<\/td>\n<td width=\"66\">9,5<\/td>\n<\/tr>\n<tr>\n<td width=\"141\">8<\/td>\n<td width=\"54\">130<\/td>\n<td width=\"44\">9,1<\/td>\n<td width=\"66\">9,7<\/td>\n<td width=\"54\">250<\/td>\n<td width=\"44\">17,6<\/td>\n<td width=\"66\">18,7<\/td>\n<\/tr>\n<tr>\n<td width=\"141\">9<\/td>\n<td width=\"54\">290<\/td>\n<td width=\"44\">20,4<\/td>\n<td width=\"66\">21,7<\/td>\n<td width=\"54\">322<\/td>\n<td width=\"44\">22,6<\/td>\n<td width=\"66\">24,0<\/td>\n<\/tr>\n<tr>\n<td width=\"141\">Molt ben tractat\/ada (10)<\/td>\n<td width=\"54\">757<\/td>\n<td width=\"44\">53,2<\/td>\n<td width=\"66\">56,6<\/td>\n<td width=\"54\">493<\/td>\n<td width=\"44\">34,7<\/td>\n<td width=\"66\">36,8<\/td>\n<\/tr>\n<tr>\n<td width=\"141\"><strong>Total<\/strong><\/td>\n<td width=\"54\"><strong>1338<\/strong><\/td>\n<td width=\"44\"><strong>94,1<\/strong><\/td>\n<td width=\"66\"><strong>100<\/strong><\/td>\n<td width=\"54\"><strong>1340<\/strong><\/td>\n<td width=\"44\"><strong>94,2<\/strong><\/td>\n<td width=\"66\"><strong>100<\/strong><\/td>\n<\/tr>\n<tr>\n<td width=\"141\">NS\/NC<\/td>\n<td width=\"54\">84<\/td>\n<td width=\"44\">5,9<\/td>\n<td width=\"66\"><\/td>\n<td width=\"54\">82<\/td>\n<td width=\"44\">5,8<\/td>\n<td width=\"66\"><\/td>\n<\/tr>\n<tr>\n<td width=\"141\"><strong>Total<\/strong><\/td>\n<td width=\"54\"><strong>1422<\/strong><\/td>\n<td width=\"44\"><strong>100<\/strong><\/td>\n<td width=\"66\"><\/td>\n<td width=\"54\"><strong>1422<\/strong><\/td>\n<td width=\"44\"><strong>100<\/strong><\/td>\n<td width=\"66\"><\/td>\n<\/tr>\n<tr>\n<td width=\"141\"><strong>Mitjana<\/strong><\/td>\n<td colspan=\"3\" width=\"164\">9,1<\/td>\n<td colspan=\"3\" width=\"164\">8,5<\/td>\n<\/tr>\n<\/tbody>\n<\/table>\n<p>Font: Dades enquesta FiraGran 2020. Associaci\u00f3 SIENA.<\/p>\n<p>&nbsp;<\/p>\n","protected":false},"excerpt":{"rendered":"<p>Estudio de la Fundaci\u00f3n FiraGran sobre: \u201cImpacto de la COVID en las personas mayores\u201d La tristeza y la impotencia se dispararon en las personas mayores durante el confinamiento domiciliario por la COVID19.\u00a0 La soledad la <a href=\"https:\/\/firagran.com\/es\/estudio-de-la-fundacion-firagran-sobre-impacto-de-la-covid-en-las-personas-mayores\/\"> [&#8230;]<\/a><\/p>\n","protected":false},"author":2,"featured_media":12868,"comment_status":"closed","ping_status":"closed","sticky":false,"template":"","format":"standard","meta":{"footnotes":""},"categories":[28],"tags":[],"class_list":["post-12871","post","type-post","status-publish","format-standard","has-post-thumbnail","hentry","category-general-es"],"_links":{"self":[{"href":"https:\/\/firagran.com\/es\/wp-json\/wp\/v2\/posts\/12871","targetHints":{"allow":["GET"]}}],"collection":[{"href":"https:\/\/firagran.com\/es\/wp-json\/wp\/v2\/posts"}],"about":[{"href":"https:\/\/firagran.com\/es\/wp-json\/wp\/v2\/types\/post"}],"author":[{"embeddable":true,"href":"https:\/\/firagran.com\/es\/wp-json\/wp\/v2\/users\/2"}],"replies":[{"embeddable":true,"href":"https:\/\/firagran.com\/es\/wp-json\/wp\/v2\/comments?post=12871"}],"version-history":[{"count":2,"href":"https:\/\/firagran.com\/es\/wp-json\/wp\/v2\/posts\/12871\/revisions"}],"predecessor-version":[{"id":12873,"href":"https:\/\/firagran.com\/es\/wp-json\/wp\/v2\/posts\/12871\/revisions\/12873"}],"wp:featuredmedia":[{"embeddable":true,"href":"https:\/\/firagran.com\/es\/wp-json\/wp\/v2\/media\/12868"}],"wp:attachment":[{"href":"https:\/\/firagran.com\/es\/wp-json\/wp\/v2\/media?parent=12871"}],"wp:term":[{"taxonomy":"category","embeddable":true,"href":"https:\/\/firagran.com\/es\/wp-json\/wp\/v2\/categories?post=12871"},{"taxonomy":"post_tag","embeddable":true,"href":"https:\/\/firagran.com\/es\/wp-json\/wp\/v2\/tags?post=12871"}],"curies":[{"name":"wp","href":"https:\/\/api.w.org\/{rel}","templated":true}]}}