{"id":12953,"date":"2021-04-09T08:01:17","date_gmt":"2021-04-09T06:01:17","guid":{"rendered":"https:\/\/firagran.com\/?p=12953"},"modified":"2021-04-06T17:17:07","modified_gmt":"2021-04-06T15:17:07","slug":"entrevista-adela-cortina-durante-la-pandemia-ha-habido-gerontofobia","status":"publish","type":"post","link":"https:\/\/firagran.com\/es\/entrevista-adela-cortina-durante-la-pandemia-ha-habido-gerontofobia\/","title":{"rendered":"ENTREVISTA: Adela Cortina: \u201cDurante la pandemia ha habido gerontofobia\u201d"},"content":{"rendered":"<p><strong>ENTREVISTA: Adela Cortina: \u201cDurante la pandemia ha habido gerontofobia\u201d<\/strong><\/p>\n<p>La fil\u00f3sofa publica &#8216;\u00c9tica cosmopolita&#8217;, un repaso a los fallos sociales que ha expuesto la covid, frente a los que receta cordura y cosmopolitismo<\/p>\n<p>Fr\u00e1giles, vulnerables e interdependientes. Un a\u00f1o de pandemia ha puesto sobre el tapete, se\u00f1ala la fil\u00f3sofa Adela Cortina (Val\u00e8ncia, 1947), que los humanos no somos los seres todopoderosos que imaginan algunas utop\u00edas tecnocient\u00edficas y ha mostrado los fallos de nuestro sistema actual. Los repasa en su nuevo libro, \u00c9tica cosmopolita (Paid\u00f3s). Desde los fines equivocados que guiaban la sociedad a la continua erosi\u00f3n democr\u00e1tica, la gerontofobia en la pandemia o la nueva vida digital. Cortina, premio Nacional de Ensayo en 2014 por \u00bfPara qu\u00e9 sirve realmente la \u00e9tica?, reivindica una \u00e9tica guiada por la cordura y cosmopolita, que cuide la vida y reconozca que hoy nadie es autosuficiente.<\/p>\n<p>La vieja normalidad &#8211; \u201c\u00cdbamos a vencer a la muerte, nos hab\u00edamos cre\u00eddo dioses, viv\u00edamos en la desmesura\u201d<\/p>\n<p><strong>Se dijo que el confinamiento era un experimento social a gran escala. \u00bfTambi\u00e9n ha sido un gran experimento \u00e9tico?<\/strong><\/p>\n<p>Ha sido una ocasi\u00f3n de sacar a la luz una gran cantidad de carencias que ten\u00edamos y de desaf\u00edos que hemos de afrontar. Ha salido a la luz lo que estaba mal, lo que nos faltaba, con una claridad enorme. Y a los desaf\u00edos hay que responder desde la pol\u00edtica, la econom\u00eda y las tecnociencias, pero siempre en el trasfondo hay una respuesta \u00e9tica, porque la \u00e9tica es el car\u00e1cter de las personas y de los pueblos desde el que hacemos econom\u00eda, pol\u00edtica y ciencia.<\/p>\n<p>Leer toda la entrevista: <a href=\"https:\/\/www.lavanguardia.com\/cultura\/20210401\/6621549\/adela-cortina-pandemia-etica-interdependencia-cordura-vulnerabilidad-gerontofobia.html\">https:\/\/www.lavanguardia.com\/cultura\/20210401\/6621549\/adela-cortina-pandemia-etica-interdependencia-cordura-vulnerabilidad-gerontofobia.html<\/a><\/p>\n<p>Fuente: <a href=\"https:\/\/www.lavanguardia.com\/\">https:\/\/www.lavanguardia.com\/<\/a><\/p>\n","protected":false},"excerpt":{"rendered":"<p>ENTREVISTA: Adela Cortina: \u201cDurante la pandemia ha habido gerontofobia\u201d La fil\u00f3sofa publica &#8216;\u00c9tica cosmopolita&#8217;, un repaso a los fallos sociales que ha expuesto la covid, frente a los que receta cordura y cosmopolitismo Fr\u00e1giles, vulnerables <a href=\"https:\/\/firagran.com\/es\/entrevista-adela-cortina-durante-la-pandemia-ha-habido-gerontofobia\/\"> [&#8230;]<\/a><\/p>\n","protected":false},"author":2,"featured_media":12954,"comment_status":"closed","ping_status":"closed","sticky":false,"template":"","format":"standard","meta":{"footnotes":""},"categories":[74],"tags":[],"class_list":["post-12953","post","type-post","status-publish","format-standard","has-post-thumbnail","hentry","category-entrevistas"],"_links":{"self":[{"href":"https:\/\/firagran.com\/es\/wp-json\/wp\/v2\/posts\/12953","targetHints":{"allow":["GET"]}}],"collection":[{"href":"https:\/\/firagran.com\/es\/wp-json\/wp\/v2\/posts"}],"about":[{"href":"https:\/\/firagran.com\/es\/wp-json\/wp\/v2\/types\/post"}],"author":[{"embeddable":true,"href":"https:\/\/firagran.com\/es\/wp-json\/wp\/v2\/users\/2"}],"replies":[{"embeddable":true,"href":"https:\/\/firagran.com\/es\/wp-json\/wp\/v2\/comments?post=12953"}],"version-history":[{"count":1,"href":"https:\/\/firagran.com\/es\/wp-json\/wp\/v2\/posts\/12953\/revisions"}],"predecessor-version":[{"id":12956,"href":"https:\/\/firagran.com\/es\/wp-json\/wp\/v2\/posts\/12953\/revisions\/12956"}],"wp:featuredmedia":[{"embeddable":true,"href":"https:\/\/firagran.com\/es\/wp-json\/wp\/v2\/media\/12954"}],"wp:attachment":[{"href":"https:\/\/firagran.com\/es\/wp-json\/wp\/v2\/media?parent=12953"}],"wp:term":[{"taxonomy":"category","embeddable":true,"href":"https:\/\/firagran.com\/es\/wp-json\/wp\/v2\/categories?post=12953"},{"taxonomy":"post_tag","embeddable":true,"href":"https:\/\/firagran.com\/es\/wp-json\/wp\/v2\/tags?post=12953"}],"curies":[{"name":"wp","href":"https:\/\/api.w.org\/{rel}","templated":true}]}}