{"id":13064,"date":"2021-05-11T08:03:54","date_gmt":"2021-05-11T06:03:54","guid":{"rendered":"https:\/\/firagran.com\/?p=13064"},"modified":"2021-05-10T09:40:44","modified_gmt":"2021-05-10T07:40:44","slug":"las-residencias-denuncian-que-hay-centros-con-un-40-de-trabajadores-sin-vacunar","status":"publish","type":"post","link":"https:\/\/firagran.com\/es\/las-residencias-denuncian-que-hay-centros-con-un-40-de-trabajadores-sin-vacunar\/","title":{"rendered":"Las residencias denuncian que hay centros con un 40% de trabajadores sin vacunar"},"content":{"rendered":"<p>M\u00e1s de 20% de trabajadores de las residencias no ha recibido ninguna vacuna<\/p>\n<p>Las residencias denuncian que hay centros con un 40% de trabajadores sin vacunar<\/p>\n<p>Un brote de Covid en una residencia de Esponell\u00e0 ha provocado la muerte de una persona con muchas patolog\u00edas previas, y 21 contagiados, entre los cuales cinco trabajadores que no estaban vacunados.<\/p>\n<p>Gracias a la vacunaci\u00f3n masiva, los casos de Covid a las residencias son ahora muy extra\u00f1os, a diferencia del que pas\u00f3 a comienzos de la pandemia.<\/p>\n<p>El 93,7% de los residentes est\u00e1n vacunados con las dos dosis, pero esto no pasa entre las personas que trabajan en estos centros: m\u00e1s de un 20% de trabajadores no est\u00e1n vacunados. Seg\u00fan los datos del Departamento de Salud, el personal de residencias totalmente vacunado representa el \u00a078,6%.<\/p>\n<p>El sector de las residencias de personas mayores \u00a0se queja que, en algunos casos, el porcentaje de personal no vacunado llega a un 30 o un 40%, una cifra que consideran muy preocupante, y piden al Departamento de Salud que tome medidas.<\/p>\n<p>Son conscientes que no se puede obligar nadie a vacunarse, pero creen que &#8220;el protocolo de salud tendr\u00eda que marcar que no pasara&#8221;, seg\u00fan ha dicho a Catalunya Radio Cinta Pascual, presidenta de la patronal m\u00e1s importante del sector, el ACRA. &#8220;llamamos a la responsabilidad, pero cuando la vacunaci\u00f3n baja del 85% es un problema&#8221;, a\u00f1ade.<\/p>\n<p>Leer m\u00e1s: \u00a0<a href=\"https:\/\/www.ccma.cat\/324\/les-residencies-denuncien-que-hi-ha-centres-amb-un-40-de-treballadors-sense-vacunar\/noticia\/3095905\/\">https:\/\/www.ccma.cat\/324\/les-residencies-denuncien-que-hi-ha-centres-amb-un-40-de-treballadors-sense-vacunar\/noticia\/3095905\/<\/a><\/p>\n","protected":false},"excerpt":{"rendered":"<p>M\u00e1s de 20% de trabajadores de las residencias no ha recibido ninguna vacuna Las residencias denuncian que hay centros con un 40% de trabajadores sin vacunar Un brote de Covid en una residencia de Esponell\u00e0 <a href=\"https:\/\/firagran.com\/es\/las-residencias-denuncian-que-hay-centros-con-un-40-de-trabajadores-sin-vacunar\/\"> [&#8230;]<\/a><\/p>\n","protected":false},"author":2,"featured_media":13062,"comment_status":"closed","ping_status":"closed","sticky":false,"template":"","format":"standard","meta":{"footnotes":""},"categories":[94,28,72],"tags":[],"class_list":["post-13064","post","type-post","status-publish","format-standard","has-post-thumbnail","hentry","category-enfermedades","category-general-es","category-residencias-centros-de-dia-y-viviendas-tuteladas"],"_links":{"self":[{"href":"https:\/\/firagran.com\/es\/wp-json\/wp\/v2\/posts\/13064","targetHints":{"allow":["GET"]}}],"collection":[{"href":"https:\/\/firagran.com\/es\/wp-json\/wp\/v2\/posts"}],"about":[{"href":"https:\/\/firagran.com\/es\/wp-json\/wp\/v2\/types\/post"}],"author":[{"embeddable":true,"href":"https:\/\/firagran.com\/es\/wp-json\/wp\/v2\/users\/2"}],"replies":[{"embeddable":true,"href":"https:\/\/firagran.com\/es\/wp-json\/wp\/v2\/comments?post=13064"}],"version-history":[{"count":1,"href":"https:\/\/firagran.com\/es\/wp-json\/wp\/v2\/posts\/13064\/revisions"}],"predecessor-version":[{"id":13065,"href":"https:\/\/firagran.com\/es\/wp-json\/wp\/v2\/posts\/13064\/revisions\/13065"}],"wp:featuredmedia":[{"embeddable":true,"href":"https:\/\/firagran.com\/es\/wp-json\/wp\/v2\/media\/13062"}],"wp:attachment":[{"href":"https:\/\/firagran.com\/es\/wp-json\/wp\/v2\/media?parent=13064"}],"wp:term":[{"taxonomy":"category","embeddable":true,"href":"https:\/\/firagran.com\/es\/wp-json\/wp\/v2\/categories?post=13064"},{"taxonomy":"post_tag","embeddable":true,"href":"https:\/\/firagran.com\/es\/wp-json\/wp\/v2\/tags?post=13064"}],"curies":[{"name":"wp","href":"https:\/\/api.w.org\/{rel}","templated":true}]}}