{"id":13119,"date":"2021-05-26T08:02:11","date_gmt":"2021-05-26T06:02:11","guid":{"rendered":"https:\/\/firagran.com\/?p=13119"},"modified":"2021-05-25T12:21:46","modified_gmt":"2021-05-25T10:21:46","slug":"la-fatiga-pandemica-los-sintomas-depresivos-y-la-reduccion-de-las-relaciones-sociales-desincentivan-la-actividad-fisica-entre-las-personas-mayores","status":"publish","type":"post","link":"https:\/\/firagran.com\/es\/la-fatiga-pandemica-los-sintomas-depresivos-y-la-reduccion-de-las-relaciones-sociales-desincentivan-la-actividad-fisica-entre-las-personas-mayores\/","title":{"rendered":"La fatiga pand\u00e9mica, los s\u00edntomas depresivos y la reducci\u00f3n de las relaciones sociales desincentivan la actividad f\u00edsica entre las personas mayores"},"content":{"rendered":"<ul>\n<li>Un estudio revela los factores que han afectado negativamente el nivel de actividad en este colectivo durante el confinamiento<\/li>\n<li>Un experto en geriatr\u00eda da cinco consejos a las personas mayores para recuperar la actividad f\u00edsica<\/li>\n<\/ul>\n<p>Las personas mayores han sido uno de los grupos m\u00e1s afectados por la pandemia de la COVID-19, no solo en cuanto a contagios y mortalidad, sino tambi\u00e9n por las consecuencias que han tenido las medidas de distanciamiento social y las restricciones de movilidad. El profesor de los Estudios de Ciencias de la Salud de la UOC Marco Inzitari, jefe del grupo Envejecimiento, Fragilidad y Transiciones en Barcelona del Vall d&#8217;Hebron Instituto de Investigaci\u00f3n, situado en el Parque Sanitario Pere Virgili, ha impulsado un estudio, con personas residentes en Barcelona, en el que se ha podido comprobar c\u00f3mo los s\u00edntomas depresivos, la fatiga y las reducidas relaciones sociales han influido negativamente en el nivel de actividad f\u00edsica que las personas mayores han mantenido durante el confinamiento por la COVID-19 en Espa\u00f1a. El estudio, liderado por este experto presidente de la Sociedad Catalana de Geriatr\u00eda,\u00a0 permite comprobar que el nivel de actividad f\u00edsica depende de varios factores y, en consecuencia, a la hora de ayudar a una persona mayor, hay que incidir en varios aspectos de su vida.<\/p>\n<p>El estudio, que se hab\u00eda iniciado antes de la pandemia para evaluar el impacto de un programa de envejecimiento saludable, tiene la ventaja de emplear los mismos instrumentos antes y despu\u00e9s del confinamiento estricto y comparar la situaci\u00f3n de los participantes.<\/p>\n<p>Leer m\u00e1s: <a href=\"https:\/\/www.uoc.edu\/portal\/es\/news\/actualitat\/2021\/133-gente-mayor-actividad-fisica.html?s=08\">https:\/\/www.uoc.edu\/portal\/es\/news\/actualitat\/2021\/133-gente-mayor-actividad-fisica.html?s=08<\/a><\/p>\n","protected":false},"excerpt":{"rendered":"<p>Un estudio revela los factores que han afectado negativamente el nivel de actividad en este colectivo durante el confinamiento Un experto en geriatr\u00eda da cinco consejos a las personas mayores para recuperar la actividad f\u00edsica <a href=\"https:\/\/firagran.com\/es\/la-fatiga-pandemica-los-sintomas-depresivos-y-la-reduccion-de-las-relaciones-sociales-desincentivan-la-actividad-fisica-entre-las-personas-mayores\/\"> [&#8230;]<\/a><\/p>\n","protected":false},"author":2,"featured_media":13117,"comment_status":"closed","ping_status":"closed","sticky":false,"template":"","format":"standard","meta":{"footnotes":""},"categories":[75,28,81],"tags":[],"class_list":["post-13119","post","type-post","status-publish","format-standard","has-post-thumbnail","hentry","category-envejecimiento-activo","category-general-es","category-habitos-saludables"],"_links":{"self":[{"href":"https:\/\/firagran.com\/es\/wp-json\/wp\/v2\/posts\/13119","targetHints":{"allow":["GET"]}}],"collection":[{"href":"https:\/\/firagran.com\/es\/wp-json\/wp\/v2\/posts"}],"about":[{"href":"https:\/\/firagran.com\/es\/wp-json\/wp\/v2\/types\/post"}],"author":[{"embeddable":true,"href":"https:\/\/firagran.com\/es\/wp-json\/wp\/v2\/users\/2"}],"replies":[{"embeddable":true,"href":"https:\/\/firagran.com\/es\/wp-json\/wp\/v2\/comments?post=13119"}],"version-history":[{"count":1,"href":"https:\/\/firagran.com\/es\/wp-json\/wp\/v2\/posts\/13119\/revisions"}],"predecessor-version":[{"id":13120,"href":"https:\/\/firagran.com\/es\/wp-json\/wp\/v2\/posts\/13119\/revisions\/13120"}],"wp:featuredmedia":[{"embeddable":true,"href":"https:\/\/firagran.com\/es\/wp-json\/wp\/v2\/media\/13117"}],"wp:attachment":[{"href":"https:\/\/firagran.com\/es\/wp-json\/wp\/v2\/media?parent=13119"}],"wp:term":[{"taxonomy":"category","embeddable":true,"href":"https:\/\/firagran.com\/es\/wp-json\/wp\/v2\/categories?post=13119"},{"taxonomy":"post_tag","embeddable":true,"href":"https:\/\/firagran.com\/es\/wp-json\/wp\/v2\/tags?post=13119"}],"curies":[{"name":"wp","href":"https:\/\/api.w.org\/{rel}","templated":true}]}}