{"id":13121,"date":"2021-05-28T08:02:52","date_gmt":"2021-05-28T06:02:52","guid":{"rendered":"https:\/\/firagran.com\/?p=13121"},"modified":"2021-05-25T12:23:01","modified_gmt":"2021-05-25T10:23:01","slug":"barcelona-aprovechara-la-experiencia-de-sus-funcionarios-jubilados","status":"publish","type":"post","link":"https:\/\/firagran.com\/es\/barcelona-aprovechara-la-experiencia-de-sus-funcionarios-jubilados\/","title":{"rendered":"Barcelona aprovechar\u00e1 la experiencia de sus funcionarios jubilados"},"content":{"rendered":"<ul>\n<li>El Ayuntamiento lo que ha hecho tambi\u00e9n ha sido elaborar un plan de \u201cestrategia de personas y desarrollo organizativo\u201d que define c\u00f3mo ha de ser el propio Consistorio en un futuro<\/li>\n<\/ul>\n<p>La Barcelona del ma\u00f1ana es un tema recurrente. Y mientras se sigue con este debate, que quiz\u00e1s nunca se acabe, el Ayuntamiento lo que ha hecho tambi\u00e9n ha sido elaborar un plan de \u201cestrategia de personas y desarrollo organizativo\u201d que define c\u00f3mo ha de ser el propio Consistorio en un futuro que, de tan inmediato que es, parece presente. Las claves son varias: el teletrabajo, la conciliaci\u00f3n, la igualdad, la diversidad y, de manera destacada, la apuesta por el talento propio hasta el punto que se quiere seguir contando con trabajadores jubilados si ellos lo desean, a trav\u00e9s de \u00f3rganos consultivos.<\/p>\n<p>\u201cTenemos a gente muy experta en muchas materias. Trabajadores que est\u00e1n dispuestos a trasladar toda esa experiencia. Lo tenemos que aprovechar\u201d, explica el director de Recursos Humanos, Javier Pascual, quien apunta, adem\u00e1s de hacia la f\u00f3rmula de los \u00f3rganos consultivos, a otras posibles v\u00edas como la colaboraci\u00f3n laboral, la realizaci\u00f3n de charlas, actividades&#8230;<\/p>\n<p>Leer m\u00e1s: <a href=\"https:\/\/www.lavanguardia.com\/local\/barcelona\/20210520\/7467870\/barcelona-aprovechara-experiencia-funcionarios-jubilados.html\">https:\/\/www.lavanguardia.com\/local\/barcelona\/20210520\/7467870\/barcelona-aprovechara-experiencia-funcionarios-jubilados.html<\/a><\/p>\n","protected":false},"excerpt":{"rendered":"<p>El Ayuntamiento lo que ha hecho tambi\u00e9n ha sido elaborar un plan de \u201cestrategia de personas y desarrollo organizativo\u201d que define c\u00f3mo ha de ser el propio Consistorio en un futuro La Barcelona del ma\u00f1ana <a href=\"https:\/\/firagran.com\/es\/barcelona-aprovechara-la-experiencia-de-sus-funcionarios-jubilados\/\"> [&#8230;]<\/a><\/p>\n","protected":false},"author":2,"featured_media":13122,"comment_status":"closed","ping_status":"closed","sticky":false,"template":"","format":"standard","meta":{"footnotes":""},"categories":[28],"tags":[],"class_list":["post-13121","post","type-post","status-publish","format-standard","has-post-thumbnail","hentry","category-general-es"],"_links":{"self":[{"href":"https:\/\/firagran.com\/es\/wp-json\/wp\/v2\/posts\/13121","targetHints":{"allow":["GET"]}}],"collection":[{"href":"https:\/\/firagran.com\/es\/wp-json\/wp\/v2\/posts"}],"about":[{"href":"https:\/\/firagran.com\/es\/wp-json\/wp\/v2\/types\/post"}],"author":[{"embeddable":true,"href":"https:\/\/firagran.com\/es\/wp-json\/wp\/v2\/users\/2"}],"replies":[{"embeddable":true,"href":"https:\/\/firagran.com\/es\/wp-json\/wp\/v2\/comments?post=13121"}],"version-history":[{"count":1,"href":"https:\/\/firagran.com\/es\/wp-json\/wp\/v2\/posts\/13121\/revisions"}],"predecessor-version":[{"id":13124,"href":"https:\/\/firagran.com\/es\/wp-json\/wp\/v2\/posts\/13121\/revisions\/13124"}],"wp:featuredmedia":[{"embeddable":true,"href":"https:\/\/firagran.com\/es\/wp-json\/wp\/v2\/media\/13122"}],"wp:attachment":[{"href":"https:\/\/firagran.com\/es\/wp-json\/wp\/v2\/media?parent=13121"}],"wp:term":[{"taxonomy":"category","embeddable":true,"href":"https:\/\/firagran.com\/es\/wp-json\/wp\/v2\/categories?post=13121"},{"taxonomy":"post_tag","embeddable":true,"href":"https:\/\/firagran.com\/es\/wp-json\/wp\/v2\/tags?post=13121"}],"curies":[{"name":"wp","href":"https:\/\/api.w.org\/{rel}","templated":true}]}}