{"id":13637,"date":"2021-11-11T10:17:17","date_gmt":"2021-11-11T09:17:17","guid":{"rendered":"https:\/\/firagran.com\/?p=13637"},"modified":"2021-11-11T10:17:46","modified_gmt":"2021-11-11T09:17:46","slug":"las-persones-cuidadoras-reducen-los-niveles-de-ansiedad-y-depresion-cuando-participan-en-los-grupos-de-apoyo-emocional","status":"publish","type":"post","link":"https:\/\/firagran.com\/es\/las-persones-cuidadoras-reducen-los-niveles-de-ansiedad-y-depresion-cuando-participan-en-los-grupos-de-apoyo-emocional\/","title":{"rendered":"Las personas cuidadoras reducen los niveles de ansiedad y depresi\u00f3n cuando participan en los grupos de apoyo emocional"},"content":{"rendered":"<p>Las personas cuidadoras de familiares en situaci\u00f3n de dependencia a menudo se ven expuestas a situaciones que se los provocan ansiedad o incluso depresi\u00f3n. Por este motivo, la Diputaci\u00f3n de Barcelona ha impulsado los Grupos de Apoyo Emocional y Ayuda Mutua (GSAM), que han ayudado a reducir los niveles de ansiedad en un 71% y los nivel de depresi\u00f3n en un 56% de las personas cuidadoras participantes, seg\u00fan un estudio del mismo organismo.<\/p>\n<p>Los\u00a0GSAM\u00a0son un recurso que se articula a trav\u00e9s de grupos formados por entre 6 y 10 persones cuidadoras que intercambian la experiencia y las emociones vinculadas a la tarea de la cura.<\/p>\n<p>Para m\u00e1s informaci\u00f3n:<a href=\"https:\/\/www.social.cat\/noticia\/15547\/les-persones-cuidadores-redueixen-els-nivells-dansietat-i-depressio-quan-participen-en-els\"> https:\/\/www.social.cat\/noticia\/15547\/les-persones-cuidadores-redueixen-els-nivells-dansietat-i-depressio-quan-participen-en-els<\/a><\/p>\n","protected":false},"excerpt":{"rendered":"<p>Las personas cuidadoras de familiares en situaci\u00f3n de dependencia a menudo se ven expuestas a situaciones que se los provocan ansiedad o incluso depresi\u00f3n. Por este motivo, la Diputaci\u00f3n de Barcelona ha impulsado los Grupos <a href=\"https:\/\/firagran.com\/es\/las-persones-cuidadoras-reducen-los-niveles-de-ansiedad-y-depresion-cuando-participan-en-los-grupos-de-apoyo-emocional\/\"> [&#8230;]<\/a><\/p>\n","protected":false},"author":2,"featured_media":13635,"comment_status":"closed","ping_status":"closed","sticky":false,"template":"","format":"standard","meta":{"footnotes":""},"categories":[71,28,72],"tags":[],"class_list":["post-13637","post","type-post","status-publish","format-standard","has-post-thumbnail","hentry","category-dependencia-es","category-general-es","category-residencias-centros-de-dia-y-viviendas-tuteladas"],"_links":{"self":[{"href":"https:\/\/firagran.com\/es\/wp-json\/wp\/v2\/posts\/13637","targetHints":{"allow":["GET"]}}],"collection":[{"href":"https:\/\/firagran.com\/es\/wp-json\/wp\/v2\/posts"}],"about":[{"href":"https:\/\/firagran.com\/es\/wp-json\/wp\/v2\/types\/post"}],"author":[{"embeddable":true,"href":"https:\/\/firagran.com\/es\/wp-json\/wp\/v2\/users\/2"}],"replies":[{"embeddable":true,"href":"https:\/\/firagran.com\/es\/wp-json\/wp\/v2\/comments?post=13637"}],"version-history":[{"count":2,"href":"https:\/\/firagran.com\/es\/wp-json\/wp\/v2\/posts\/13637\/revisions"}],"predecessor-version":[{"id":13639,"href":"https:\/\/firagran.com\/es\/wp-json\/wp\/v2\/posts\/13637\/revisions\/13639"}],"wp:featuredmedia":[{"embeddable":true,"href":"https:\/\/firagran.com\/es\/wp-json\/wp\/v2\/media\/13635"}],"wp:attachment":[{"href":"https:\/\/firagran.com\/es\/wp-json\/wp\/v2\/media?parent=13637"}],"wp:term":[{"taxonomy":"category","embeddable":true,"href":"https:\/\/firagran.com\/es\/wp-json\/wp\/v2\/categories?post=13637"},{"taxonomy":"post_tag","embeddable":true,"href":"https:\/\/firagran.com\/es\/wp-json\/wp\/v2\/tags?post=13637"}],"curies":[{"name":"wp","href":"https:\/\/api.w.org\/{rel}","templated":true}]}}