{"id":13778,"date":"2021-12-01T10:22:45","date_gmt":"2021-12-01T09:22:45","guid":{"rendered":"https:\/\/firagran.com\/?p=13778"},"modified":"2021-12-01T10:22:45","modified_gmt":"2021-12-01T09:22:45","slug":"drets-socials-y-salut-actualizan-los-protocolos-covid-de-las-residencias","status":"publish","type":"post","link":"https:\/\/firagran.com\/es\/drets-socials-y-salut-actualizan-los-protocolos-covid-de-las-residencias\/","title":{"rendered":"Drets Socials y Salut actualizan los protocolos COVID de las residencias"},"content":{"rendered":"<p>A partir del viernes las personas que quieran acceder a las residencias de gente mayor y personas con discapacidad tendr\u00e1n que presentar el certificado digital COVID. Las personas que no dispongan del certificado digital COVID se los ofrecer\u00e1 la realizaci\u00f3n de un TAR a la misma residencia.<\/p>\n<p>Ante la situaci\u00f3n epidemiol\u00f3gica actual y dado el aumento progresivo de la incidencia de la infecci\u00f3n por coronavirus de las \u00faltimas semanas, el Departamento de Derechos Sociales y el Departamento de Salud han actualizado el Plan sectorial de la gesti\u00f3n de la\u00a0COVID\u00a0y han establecido la implantaci\u00f3n del certificado digital\u00a0COVID\u00a0por las personas que quieran acceder a las residencias de gente mayor y personas con discapacidad para visitar un familiar a partir del pr\u00f3ximo d\u00eda 3 de diciembre. El Plan establece que el Certificado Digital\u00a0COVID\u00a0se pedir\u00e1 a la entrada del centro residencial; se validar\u00e1 la identidad del certificado con un documento de identidad de la persona visitando, y se permitir\u00e1 su entrada siguiendo todas las medidas de protecci\u00f3n individual recomendadas. El Certificado Digital\u00a0COVID\u00a0se puede obtener a trav\u00e9s de la web M\u00eda Salud .<\/p>\n<p>Las personas que no dispongan del certificado digital\u00a0COVID\u00a0se los ofrecer\u00e1 la realizaci\u00f3n de un\u00a0TAR\u00a0a la misma residencia. El Plan establece que se acompa\u00f1ar\u00e1 la persona visitando en el espacio destinado a la realizaci\u00f3n de las pruebas\u00a0TAR\u00a0en muestra nasal, tal y como se hizo durante los meses de julio y agosto.<\/p>\n<p>Todas estas medidas buscan la identificaci\u00f3n de personas no vacunadas que puedan estar infectadas por el virus y por tanto se impida la entrada del virus al entorno residencial. Cabe de estas medidas sustituye ni permite relajar las medidas de protecci\u00f3n individual que las personas que visitan sus familiares a las residencias tienen que mantener durante la visita.<\/p>\n<p>Para m\u00e1s informaci\u00f3n: <a href=\"https:\/\/dixit.gencat.cat\/ca\/detalls\/noticies\/protocol_covid_residencia.html\">https:\/\/dixit.gencat.cat\/ca\/detalls\/noticies\/protocol_covid_residencia.html<\/a><\/p>\n","protected":false},"excerpt":{"rendered":"<p>A partir del viernes las personas que quieran acceder a las residencias de gente mayor y personas con discapacidad tendr\u00e1n que presentar el certificado digital COVID. Las personas que no dispongan del certificado digital COVID <a href=\"https:\/\/firagran.com\/es\/drets-socials-y-salut-actualizan-los-protocolos-covid-de-las-residencias\/\"> [&#8230;]<\/a><\/p>\n","protected":false},"author":2,"featured_media":13775,"comment_status":"closed","ping_status":"closed","sticky":false,"template":"","format":"standard","meta":{"footnotes":""},"categories":[69,28,72],"tags":[],"class_list":["post-13778","post","type-post","status-publish","format-standard","has-post-thumbnail","hentry","category-consumo-y-seguridad","category-general-es","category-residencias-centros-de-dia-y-viviendas-tuteladas"],"_links":{"self":[{"href":"https:\/\/firagran.com\/es\/wp-json\/wp\/v2\/posts\/13778","targetHints":{"allow":["GET"]}}],"collection":[{"href":"https:\/\/firagran.com\/es\/wp-json\/wp\/v2\/posts"}],"about":[{"href":"https:\/\/firagran.com\/es\/wp-json\/wp\/v2\/types\/post"}],"author":[{"embeddable":true,"href":"https:\/\/firagran.com\/es\/wp-json\/wp\/v2\/users\/2"}],"replies":[{"embeddable":true,"href":"https:\/\/firagran.com\/es\/wp-json\/wp\/v2\/comments?post=13778"}],"version-history":[{"count":1,"href":"https:\/\/firagran.com\/es\/wp-json\/wp\/v2\/posts\/13778\/revisions"}],"predecessor-version":[{"id":13779,"href":"https:\/\/firagran.com\/es\/wp-json\/wp\/v2\/posts\/13778\/revisions\/13779"}],"wp:featuredmedia":[{"embeddable":true,"href":"https:\/\/firagran.com\/es\/wp-json\/wp\/v2\/media\/13775"}],"wp:attachment":[{"href":"https:\/\/firagran.com\/es\/wp-json\/wp\/v2\/media?parent=13778"}],"wp:term":[{"taxonomy":"category","embeddable":true,"href":"https:\/\/firagran.com\/es\/wp-json\/wp\/v2\/categories?post=13778"},{"taxonomy":"post_tag","embeddable":true,"href":"https:\/\/firagran.com\/es\/wp-json\/wp\/v2\/tags?post=13778"}],"curies":[{"name":"wp","href":"https:\/\/api.w.org\/{rel}","templated":true}]}}