{"id":13784,"date":"2021-12-03T11:49:16","date_gmt":"2021-12-03T10:49:16","guid":{"rendered":"https:\/\/firagran.com\/?p=13784"},"modified":"2021-12-03T11:49:16","modified_gmt":"2021-12-03T10:49:16","slug":"mas-de-un-centenar-de-personas-participan-en-el-ciclo-de-caminatas-para-gente-mayor-de-santpedor","status":"publish","type":"post","link":"https:\/\/firagran.com\/es\/mas-de-un-centenar-de-personas-participan-en-el-ciclo-de-caminatas-para-gente-mayor-de-santpedor\/","title":{"rendered":"M\u00e1s de un centenar de personas participan en el ciclo de caminatas para gente mayor de Santpedor"},"content":{"rendered":"<p>Un centenar de personas han participado este jueves en una nueva edici\u00f3n del ciclo de caminatas para la gente mayor &#8220;A ciento hacia los 100&#8221;. Ha sido primera salida de marcha n\u00f3rdica de la temporada y se han hecho siete kil\u00f3metros a pie por los alrededores del municipio del Bag\u00e8s.<\/p>\n<p>La iniciativa, impulsada por la\u00a0Diputaci\u00f3n de Barcelona\u00a0y que pretende acercar el patrimonio cultural y natural del municipio, forma grupos de cuatro pueblos que comparten caminatas en los municipios en cuesti\u00f3n. En este caso, participan\u00a0Gironella,\u00a0Sabadell, Sant Pere de Riudebitlles y Santpedor. Tambi\u00e9n se prev\u00e9 una caminata final de conclusi\u00f3n del ciclo con lugar encara para determinar.<\/p>\n<p>El objetivo del ciclo &#8216;A ciento hacia los 100&#8217; es\u00a0fomentar la actividad f\u00edsica y las excursiones entre la gente mayor, dar a conocer diferentes entornos y ofrecer una manera de vivir la natura adaptada en sus posibilidades.<\/p>\n<p>Para m\u00e1s informaci\u00f3n:<a href=\"https:\/\/www.regio7.cat\/bages\/2021\/12\/02\/mes-dun-centenar-persones-participen-60242120.html\"> https:\/\/www.regio7.cat\/bages\/2021\/12\/02\/mes-dun-centenar-persones-participen-60242120.html<\/a><\/p>\n","protected":false},"excerpt":{"rendered":"<p>Un centenar de personas han participado este jueves en una nueva edici\u00f3n del ciclo de caminatas para la gente mayor &#8220;A ciento hacia los 100&#8221;. Ha sido primera salida de marcha n\u00f3rdica de la temporada <a href=\"https:\/\/firagran.com\/es\/mas-de-un-centenar-de-personas-participan-en-el-ciclo-de-caminatas-para-gente-mayor-de-santpedor\/\"> [&#8230;]<\/a><\/p>\n","protected":false},"author":2,"featured_media":13782,"comment_status":"closed","ping_status":"closed","sticky":false,"template":"","format":"standard","meta":{"footnotes":""},"categories":[69,75,28,81],"tags":[],"class_list":["post-13784","post","type-post","status-publish","format-standard","has-post-thumbnail","hentry","category-consumo-y-seguridad","category-envejecimiento-activo","category-general-es","category-habitos-saludables"],"_links":{"self":[{"href":"https:\/\/firagran.com\/es\/wp-json\/wp\/v2\/posts\/13784","targetHints":{"allow":["GET"]}}],"collection":[{"href":"https:\/\/firagran.com\/es\/wp-json\/wp\/v2\/posts"}],"about":[{"href":"https:\/\/firagran.com\/es\/wp-json\/wp\/v2\/types\/post"}],"author":[{"embeddable":true,"href":"https:\/\/firagran.com\/es\/wp-json\/wp\/v2\/users\/2"}],"replies":[{"embeddable":true,"href":"https:\/\/firagran.com\/es\/wp-json\/wp\/v2\/comments?post=13784"}],"version-history":[{"count":1,"href":"https:\/\/firagran.com\/es\/wp-json\/wp\/v2\/posts\/13784\/revisions"}],"predecessor-version":[{"id":13785,"href":"https:\/\/firagran.com\/es\/wp-json\/wp\/v2\/posts\/13784\/revisions\/13785"}],"wp:featuredmedia":[{"embeddable":true,"href":"https:\/\/firagran.com\/es\/wp-json\/wp\/v2\/media\/13782"}],"wp:attachment":[{"href":"https:\/\/firagran.com\/es\/wp-json\/wp\/v2\/media?parent=13784"}],"wp:term":[{"taxonomy":"category","embeddable":true,"href":"https:\/\/firagran.com\/es\/wp-json\/wp\/v2\/categories?post=13784"},{"taxonomy":"post_tag","embeddable":true,"href":"https:\/\/firagran.com\/es\/wp-json\/wp\/v2\/tags?post=13784"}],"curies":[{"name":"wp","href":"https:\/\/api.w.org\/{rel}","templated":true}]}}