{"id":13818,"date":"2021-12-27T10:22:37","date_gmt":"2021-12-27T09:22:37","guid":{"rendered":"https:\/\/firagran.com\/?p=13818"},"modified":"2021-12-27T10:22:37","modified_gmt":"2021-12-27T09:22:37","slug":"arte-contra-el-aislamiento-10-museos-de-barcelona-llevan-obras-hasta-las-residencias","status":"publish","type":"post","link":"https:\/\/firagran.com\/es\/arte-contra-el-aislamiento-10-museos-de-barcelona-llevan-obras-hasta-las-residencias\/","title":{"rendered":"Arte contra el aislamiento: 10 museos de Barcelona llevan obras hasta las residencias"},"content":{"rendered":"<p style=\"text-align: left;\">Hace 15 a\u00f1os que el programa <a href=\"https:\/\/www.apropacultura.cat\/\">Apropa Cultura<\/a> conecta equipaciones culturales de Catalu\u00f1a con diferentes entidades sociales para hacer accesible la cultura a todo el mundo. Uno de los focos de actuaci\u00f3n de este a\u00f1o son las personas mayores, uno de los colectivos m\u00e1s afectados por la pandemia.<\/p>\n<p>Uno de los proyectos nuevos se llama &#8220;El museo se acerca&#8221;, que ha trasladado el arte contempor\u00e1neo, en forma de cuadros o tambi\u00e9n de objetos de dise\u00f1o, hasta las residencias. La iniciativa se dirige a personas con demencias leves.<\/p>\n<p>Educadores y educadoras de los museos visitan las residencias y hacen actividades art\u00edsticas con las personas que no pueden salir de sus espacios. El arte, aseguran, ayuda a combatir el aislamiento y la tristeza, y a mejorar la salud mental de las personas mayores.<\/p>\n<p>Los 10 museos de Barcelona que forman parte son: el Museo Nacional de Arte de Catalu\u00f1a, el Museo Picasso, el Museo de Ciencias de Barcelona, el\u00a0CCCB, el Museo Frederic\u00a0Mar\u00e8s, el Museo de Historia de Barcelona, el Museo Etnol\u00f3gico y de las Culturas del Mundo, el Museo del Dise\u00f1o, la Fundaci\u00f3n Antoni T\u00e0pies y la Fundaci\u00f3n\u00a0Su\u00f1ol.<\/p>\n<p>Para m\u00e1s informaci\u00f3n:<a href=\"https:\/\/www.ccma.cat\/324\/art-contra-laillament-10-museus-de-barcelona-porten-obres-fins-a-les-residencies\/noticia\/3137116\/?ext=SMA_WP_F4_CE24_\"> https:\/\/www.ccma.cat\/324\/art-contra-laillament-10-museus-de-barcelona-porten-obres-fins-a-les-residencies\/noticia\/3137116\/?ext=SMA_WP_F4_CE24_<\/a><\/p>\n","protected":false},"excerpt":{"rendered":"<p>Hace 15 a\u00f1os que el programa Apropa Cultura conecta equipaciones culturales de Catalu\u00f1a con diferentes entidades sociales para hacer accesible la cultura a todo el mundo. Uno de los focos de actuaci\u00f3n de este a\u00f1o <a href=\"https:\/\/firagran.com\/es\/arte-contra-el-aislamiento-10-museos-de-barcelona-llevan-obras-hasta-las-residencias\/\"> [&#8230;]<\/a><\/p>\n","protected":false},"author":2,"featured_media":13816,"comment_status":"closed","ping_status":"closed","sticky":false,"template":"","format":"standard","meta":{"footnotes":""},"categories":[83,69,71,75,28,72,80],"tags":[],"class_list":["post-13818","post","type-post","status-publish","format-standard","has-post-thumbnail","hentry","category-como-prevenir-el-deterioramiento-congnitivo","category-consumo-y-seguridad","category-dependencia-es","category-envejecimiento-activo","category-general-es","category-residencias-centros-de-dia-y-viviendas-tuteladas","category-turismo"],"_links":{"self":[{"href":"https:\/\/firagran.com\/es\/wp-json\/wp\/v2\/posts\/13818","targetHints":{"allow":["GET"]}}],"collection":[{"href":"https:\/\/firagran.com\/es\/wp-json\/wp\/v2\/posts"}],"about":[{"href":"https:\/\/firagran.com\/es\/wp-json\/wp\/v2\/types\/post"}],"author":[{"embeddable":true,"href":"https:\/\/firagran.com\/es\/wp-json\/wp\/v2\/users\/2"}],"replies":[{"embeddable":true,"href":"https:\/\/firagran.com\/es\/wp-json\/wp\/v2\/comments?post=13818"}],"version-history":[{"count":1,"href":"https:\/\/firagran.com\/es\/wp-json\/wp\/v2\/posts\/13818\/revisions"}],"predecessor-version":[{"id":13819,"href":"https:\/\/firagran.com\/es\/wp-json\/wp\/v2\/posts\/13818\/revisions\/13819"}],"wp:featuredmedia":[{"embeddable":true,"href":"https:\/\/firagran.com\/es\/wp-json\/wp\/v2\/media\/13816"}],"wp:attachment":[{"href":"https:\/\/firagran.com\/es\/wp-json\/wp\/v2\/media?parent=13818"}],"wp:term":[{"taxonomy":"category","embeddable":true,"href":"https:\/\/firagran.com\/es\/wp-json\/wp\/v2\/categories?post=13818"},{"taxonomy":"post_tag","embeddable":true,"href":"https:\/\/firagran.com\/es\/wp-json\/wp\/v2\/tags?post=13818"}],"curies":[{"name":"wp","href":"https:\/\/api.w.org\/{rel}","templated":true}]}}