{"id":14569,"date":"2022-09-08T10:14:41","date_gmt":"2022-09-08T08:14:41","guid":{"rendered":"https:\/\/firagran.com\/?p=14569"},"modified":"2022-09-08T10:14:41","modified_gmt":"2022-09-08T08:14:41","slug":"barcelona-aumentara-un-33-las-viviendas-sociales-para-gente-mayor-antes-de-2025","status":"publish","type":"post","link":"https:\/\/firagran.com\/es\/barcelona-aumentara-un-33-las-viviendas-sociales-para-gente-mayor-antes-de-2025\/","title":{"rendered":"Barcelona aumentar\u00e1 un 33% las viviendas sociales para gente mayor antes de 2025"},"content":{"rendered":"<p>Barcelona aumentar\u00e1 un 33% las viviendas sociales para gente mayor antes del 2025 y acumular\u00e1 1.908 en la ciudad. Hasta octubre del 2024, la ciudad implementar\u00e1 475 nuevos pisos p\u00fablicos adaptados para gente mayor y organizados en bloques.<\/p>\n<p>Los apartamentos, reservados para personas de m\u00e1s de 65 a\u00f1os con dificultades de acceso a la vivienda, cuentan con un espacio de 45 metros cuadrados y est\u00e1n equipados con una cocina, un lavabo, un dormitorio y un comedor. El coste de un piso es de 444 euros en el mes pero el ayuntamiento subvenciona el 62% (275\u20ac) y cada persona paga un precio diferente en funci\u00f3n de sus ingresos. Con las nuevas promociones, el distrito San Mart\u00edn se convertir\u00e1 en el distrito con m\u00e1s pisos p\u00fablicos para gente mayor, con 396 viviendas.<\/p>\n<p>Seg\u00fan los datos del ayuntamiento, la edad mediana de los usuarios es de 81 a\u00f1os y el 72% son mujeres. Adem\u00e1s, en el 80% de los casos, los beneficiarios de estos pisos viven solos.<\/p>\n<p>Los apartamentos, propiedad del Instituto Municipal de la Vivienda (IMHAB), est\u00e1n reservados para personas de\u00a0m\u00e1s de 65 a\u00f1os con dificultades de acceso a la vivienda que disponen de unos ingresos anuales iguales o inferiores a\u00a02,5 veces el Indicador P\u00fablico de Renta de Efectos M\u00faltiples (IPREM).<\/p>\n<p>Actualmente, en Barcelona hay 24 edificios que ofrecen viviendas de este tipo. Los 475 pisos nuevos corresponden a seis equipaciones nuevas: dos al distrito de San Mart\u00edn (calle Puigcerd\u00e1, 100 y calle Venezuela, 96-106), dos a San Andreu (carretera de Ribes, 61-65 y paseo Torras y Bages, 143), uno en el Eixample (calle\u00a0Viladomat\u00a0142) y otro a Gracia (avenida Virgen Mar\u00eda de Montserrat, 11).<\/p>\n<p>Algunos de ellos ya est\u00e1n casi disponibles, como el de la calle Puigcerd\u00e1.\u00a0Antes de final de a\u00f1o se publicar\u00e1 una convocatoria de plazas y se asignar\u00e1n. Otros no estar\u00e1n disponibles hasta el 2023 o 2024.<\/p>\n<p>&nbsp;<\/p>\n<p>Para m\u00e1s informaci\u00f3n: <a href=\"https:\/\/www.social.cat\/noticia\/17372\/barcelona-augmentara-un-33-els-habitatges-socials-per-a-gent-gran-abans-de-2025\">https:\/\/www.social.cat\/noticia\/17372\/barcelona-augmentara-un-33-els-habitatges-socials-per-a-gent-gran-abans-de-2025<\/a><\/p>\n","protected":false},"excerpt":{"rendered":"<p>Barcelona aumentar\u00e1 un 33% las viviendas sociales para gente mayor antes del 2025 y acumular\u00e1 1.908 en la ciudad. Hasta octubre del 2024, la ciudad implementar\u00e1 475 nuevos pisos p\u00fablicos adaptados para gente mayor y <a href=\"https:\/\/firagran.com\/es\/barcelona-aumentara-un-33-las-viviendas-sociales-para-gente-mayor-antes-de-2025\/\"> [&#8230;]<\/a><\/p>\n","protected":false},"author":2,"featured_media":14567,"comment_status":"closed","ping_status":"closed","sticky":false,"template":"","format":"standard","meta":{"footnotes":""},"categories":[69,71,28,72,73],"tags":[],"class_list":["post-14569","post","type-post","status-publish","format-standard","has-post-thumbnail","hentry","category-consumo-y-seguridad","category-dependencia-es","category-general-es","category-residencias-centros-de-dia-y-viviendas-tuteladas","category-servicios-y-ayudas-publicas"],"_links":{"self":[{"href":"https:\/\/firagran.com\/es\/wp-json\/wp\/v2\/posts\/14569","targetHints":{"allow":["GET"]}}],"collection":[{"href":"https:\/\/firagran.com\/es\/wp-json\/wp\/v2\/posts"}],"about":[{"href":"https:\/\/firagran.com\/es\/wp-json\/wp\/v2\/types\/post"}],"author":[{"embeddable":true,"href":"https:\/\/firagran.com\/es\/wp-json\/wp\/v2\/users\/2"}],"replies":[{"embeddable":true,"href":"https:\/\/firagran.com\/es\/wp-json\/wp\/v2\/comments?post=14569"}],"version-history":[{"count":1,"href":"https:\/\/firagran.com\/es\/wp-json\/wp\/v2\/posts\/14569\/revisions"}],"predecessor-version":[{"id":14570,"href":"https:\/\/firagran.com\/es\/wp-json\/wp\/v2\/posts\/14569\/revisions\/14570"}],"wp:featuredmedia":[{"embeddable":true,"href":"https:\/\/firagran.com\/es\/wp-json\/wp\/v2\/media\/14567"}],"wp:attachment":[{"href":"https:\/\/firagran.com\/es\/wp-json\/wp\/v2\/media?parent=14569"}],"wp:term":[{"taxonomy":"category","embeddable":true,"href":"https:\/\/firagran.com\/es\/wp-json\/wp\/v2\/categories?post=14569"},{"taxonomy":"post_tag","embeddable":true,"href":"https:\/\/firagran.com\/es\/wp-json\/wp\/v2\/tags?post=14569"}],"curies":[{"name":"wp","href":"https:\/\/api.w.org\/{rel}","templated":true}]}}