{"id":14694,"date":"2022-09-28T11:09:23","date_gmt":"2022-09-28T09:09:23","guid":{"rendered":"https:\/\/firagran.com\/?p=14694"},"modified":"2022-09-28T11:09:23","modified_gmt":"2022-09-28T09:09:23","slug":"articulo-de-opinion-firagran-organizada-por-la-fundacion-firagran-es-el-principal-punto-de-encuentro-de-la-gente-mayor-de-cataluna-y-una-feria-donde-las-personas-grandes-encuentran-soluciones-en-su","status":"publish","type":"post","link":"https:\/\/firagran.com\/es\/articulo-de-opinion-firagran-organizada-por-la-fundacion-firagran-es-el-principal-punto-de-encuentro-de-la-gente-mayor-de-cataluna-y-una-feria-donde-las-personas-grandes-encuentran-soluciones-en-su\/","title":{"rendered":"ART\u00cdCULO DE OPINI\u00d3N: FiraGran, organizada por la Fundaci\u00f3n FiraGran, es el principal punto de encuentro de la gente mayor de Catalu\u00f1a y una feria donde las personas grandes encuentran soluciones en sus necesidades e inquietudes."},"content":{"rendered":"<p>Uno de nuestros objetivos vitales como individuos es el de llegar a la vejez. Y queremos llegar a la vejez con salud f\u00edsica y mental, con unas condiciones econ\u00f3micas que nos permitan vivir dignamente y rodeados de familia y amigos. Los j\u00f3venes y los adultos sue\u00f1an en las cosas que podr\u00e1n hacer cuando sean viejos y puedan disfrutar de un tiempo que no tienen por sus obligaciones laborales y personales.<\/p>\n<p>Pero cuando eres joven y adulto desconoces demasiadas cosas del que significa hacerse viejo. A pesar de que siempre estamos rodeados de personas grandes, no nos paramos a pensar cu\u00e1les son sus necesidades, sus inquietudes y sus limitaciones. Partimos de fotos fijas muchas veces desenfocadas.<\/p>\n<p>La existencia de una feria como FiraGran es importante porque todas las personas mayores necesitan tener informaci\u00f3n para poder fruir de la vejez que han so\u00f1ado toda la vida, adaptada a las realidades intr\u00ednsecas que comporta este estado vital. Y FiraGran existe \u00fanicamente y exclusivamente para aglutinar en un \u00fanico espacio toda la informaci\u00f3n que cualquier persona grande pueda necesitar para encontrar salida en sus inquietudes y necesidades.<\/p>\n<p>Es por eso que a\u00a0FiraGran\u00a0se organizan m\u00e1s de 400 actividades gratuitas, y hay m\u00e1s de 80 expositores que ofrecen todo tipo de productos, servicios, actividades y tecnolog\u00edas dirigidas a mejorar la calidad de vida de las personas grandes. Es un gran escaparate al servicio de la gente mayor.<\/p>\n<p>FiraGran\u00a0promueve un envejecimiento activo y participativo, y defiende los derechos que tienen las personas grandes.<\/p>\n<p>Creo sinceramente que todas las persones asistentes a esta feria salen con informaci\u00f3n que las ayudar\u00e1 no solo a mejorar su calidad de vida, sino tambi\u00e9n a sensibilizarse sobre los derechos que compuerta ser una persona mayores.<\/p>\n","protected":false},"excerpt":{"rendered":"<p>Uno de nuestros objetivos vitales como individuos es el de llegar a la vejez. Y queremos llegar a la vejez con salud f\u00edsica y mental, con unas condiciones econ\u00f3micas que nos permitan vivir dignamente y <a href=\"https:\/\/firagran.com\/es\/articulo-de-opinion-firagran-organizada-por-la-fundacion-firagran-es-el-principal-punto-de-encuentro-de-la-gente-mayor-de-cataluna-y-una-feria-donde-las-personas-grandes-encuentran-soluciones-en-su\/\"> [&#8230;]<\/a><\/p>\n","protected":false},"author":2,"featured_media":14691,"comment_status":"closed","ping_status":"closed","sticky":false,"template":"","format":"standard","meta":{"footnotes":""},"categories":[77,70,69,76,75,28],"tags":[],"class_list":["post-14694","post","type-post","status-publish","format-standard","has-post-thumbnail","hentry","category-consejo-de-las-personas-mayores-de-cataluna","category-consumo-y-personas-mayores","category-consumo-y-seguridad","category-entidades-de-personas-mayores","category-envejecimiento-activo","category-general-es"],"_links":{"self":[{"href":"https:\/\/firagran.com\/es\/wp-json\/wp\/v2\/posts\/14694","targetHints":{"allow":["GET"]}}],"collection":[{"href":"https:\/\/firagran.com\/es\/wp-json\/wp\/v2\/posts"}],"about":[{"href":"https:\/\/firagran.com\/es\/wp-json\/wp\/v2\/types\/post"}],"author":[{"embeddable":true,"href":"https:\/\/firagran.com\/es\/wp-json\/wp\/v2\/users\/2"}],"replies":[{"embeddable":true,"href":"https:\/\/firagran.com\/es\/wp-json\/wp\/v2\/comments?post=14694"}],"version-history":[{"count":1,"href":"https:\/\/firagran.com\/es\/wp-json\/wp\/v2\/posts\/14694\/revisions"}],"predecessor-version":[{"id":14695,"href":"https:\/\/firagran.com\/es\/wp-json\/wp\/v2\/posts\/14694\/revisions\/14695"}],"wp:featuredmedia":[{"embeddable":true,"href":"https:\/\/firagran.com\/es\/wp-json\/wp\/v2\/media\/14691"}],"wp:attachment":[{"href":"https:\/\/firagran.com\/es\/wp-json\/wp\/v2\/media?parent=14694"}],"wp:term":[{"taxonomy":"category","embeddable":true,"href":"https:\/\/firagran.com\/es\/wp-json\/wp\/v2\/categories?post=14694"},{"taxonomy":"post_tag","embeddable":true,"href":"https:\/\/firagran.com\/es\/wp-json\/wp\/v2\/tags?post=14694"}],"curies":[{"name":"wp","href":"https:\/\/api.w.org\/{rel}","templated":true}]}}