{"id":14944,"date":"2023-01-27T14:45:24","date_gmt":"2023-01-27T13:45:24","guid":{"rendered":"https:\/\/firagran.com\/?p=14944"},"modified":"2023-01-27T14:50:31","modified_gmt":"2023-01-27T13:50:31","slug":"el-bages-implanta-evaluaciones-e-intervenciones-in-situ-en-posibles-casos-de-maltrato-a-personas-mayores","status":"publish","type":"post","link":"https:\/\/firagran.com\/es\/el-bages-implanta-evaluaciones-e-intervenciones-in-situ-en-posibles-casos-de-maltrato-a-personas-mayores\/","title":{"rendered":"El Bages implanta evaluaciones e intervenciones &#8216;in situ&#8217; en posibles casos de maltrato a personas mayores"},"content":{"rendered":"<div class=\"fusion-fullwidth fullwidth-box fusion-builder-row-1 fusion-flex-container nonhundred-percent-fullwidth non-hundred-percent-height-scrolling\" style=\"--awb-border-radius-top-left:0px;--awb-border-radius-top-right:0px;--awb-border-radius-bottom-right:0px;--awb-border-radius-bottom-left:0px;--awb-flex-wrap:wrap;\" ><div class=\"fusion-builder-row fusion-row fusion-flex-align-items-flex-start fusion-flex-content-wrap\" style=\"max-width:1248px;margin-left: calc(-4% \/ 2 );margin-right: calc(-4% \/ 2 );\"><div class=\"fusion-layout-column fusion_builder_column fusion-builder-column-0 fusion_builder_column_1_1 1_1 fusion-flex-column\" style=\"--awb-bg-size:cover;--awb-width-large:100%;--awb-margin-top-large:0px;--awb-spacing-right-large:1.92%;--awb-margin-bottom-large:0px;--awb-spacing-left-large:1.92%;--awb-width-medium:100%;--awb-spacing-right-medium:1.92%;--awb-spacing-left-medium:1.92%;--awb-width-small:100%;--awb-spacing-right-small:1.92%;--awb-spacing-left-small:1.92%;\"><div class=\"fusion-column-wrapper fusion-flex-justify-content-flex-start fusion-content-layout-column\"><div class=\"fusion-text fusion-text-1\"><h2 id=\"tw-target-text\" class=\"tw-data-text tw-text-large tw-ta\" dir=\"ltr\" data-placeholder=\"Translation\"><span class=\"Y2IQFc\" lang=\"es\">Se refuerza el servicio con la incorporaci\u00f3n de una trabajadora social y m\u00e1s horas del equipo con psic\u00f3logo y jurista<\/span><\/h2>\n<div id=\"tw-container\" data-cp=\"1\" data-is-ver=\"false\" data-nnttsvi=\"1\" data-sbsl=\"ru,uk\" data-sm=\"1\" data-ssbp=\"false\" data-sugg-time=\"500\" data-sugg-url=\"https:\/\/clients1.google.com\/complete\/search\" data-uilc=\"en\">\n<div id=\"tw-ob\" class=\"tw-src-ltr\">\n<div class=\"oSioSc\">\n<div id=\"tw-target\">\n<div id=\"kAz1tf\" class=\"g9WsWb\">\n<div id=\"tw-target-text-container\" class=\"tw-ta-container F0azHf tw-nfl\" tabindex=\"0\">\n<p id=\"tw-target-text\" class=\"tw-data-text tw-text-large tw-ta\" dir=\"ltr\" data-placeholder=\"Translation\"><span class=\"Y2IQFc\" lang=\"es\">El <strong>Servicio de Atenci\u00f3n a la Vejez del Bages del Consejo Comarcal del Bages<\/strong> da este enero un paso m\u00e1s all\u00e1 del asesoramiento en posibles casos de <strong>maltrato a personas mayores<\/strong> e incorpora las <strong>evaluaciones sobre el terreno y la capacidad de intervenci\u00f3n directa<\/strong> en personas que se sospecha que son v\u00edctimas. El refuerzo del servicio ha sido posible a trav\u00e9s de los convenios firmados por el Consejo Comarcal de El Bages con el Ayuntamiento de Manresa y con los 29 ayuntamientos que conforman el \u00c1rea B\u00e1sica de Servicios Sociales del Bages que ha hecho posible la incorporaci\u00f3n de una trabajadora social y tambi\u00e9n el aumento de horas por parte del equipo especializado que hasta ahora estaba formado por una figura profesional de psicolog\u00eda especializada en gerontolog\u00eda y una figura de abogac\u00eda.<\/span><\/p>\n<\/div>\n<\/div>\n<p dir=\"ltr\" data-placeholder=\"Translation\">Para m\u00e1s informaci\u00f3n: <a href=\"https:\/\/www.regio7.cat\/bages\/2023\/01\/27\/bages-implanta-avaluacions-i-intervencions-82080657.html\">El Bages implanta evaluaciones e intervenciones &#8216;in situ&#8217; en posibles casos de maltrato a personas mayores<\/a><\/p>\n<p dir=\"ltr\" data-placeholder=\"Translation\">Fuente: <a href=\"https:\/\/www.regio7.cat\/\">Regi\u00f37<\/a><\/p>\n<p dir=\"ltr\" data-placeholder=\"Translation\">Twitter Regi\u00f37: <a href=\"https:\/\/twitter.com\/diariRegio7\">@diariRegio7<\/a><\/p>\n<\/div>\n<\/div>\n<\/div>\n<\/div>\n<\/div><\/div><\/div><\/div><\/div>\n","protected":false},"excerpt":{"rendered":"","protected":false},"author":1,"featured_media":14942,"comment_status":"closed","ping_status":"closed","sticky":false,"template":"","format":"standard","meta":{"footnotes":""},"categories":[69,71,85,73,89],"tags":[],"class_list":["post-14944","post","type-post","status-publish","format-standard","has-post-thumbnail","hentry","category-consumo-y-seguridad","category-dependencia-es","category-maltrato","category-servicios-y-ayudas-publicas","category-temas-legales"],"_links":{"self":[{"href":"https:\/\/firagran.com\/es\/wp-json\/wp\/v2\/posts\/14944","targetHints":{"allow":["GET"]}}],"collection":[{"href":"https:\/\/firagran.com\/es\/wp-json\/wp\/v2\/posts"}],"about":[{"href":"https:\/\/firagran.com\/es\/wp-json\/wp\/v2\/types\/post"}],"author":[{"embeddable":true,"href":"https:\/\/firagran.com\/es\/wp-json\/wp\/v2\/users\/1"}],"replies":[{"embeddable":true,"href":"https:\/\/firagran.com\/es\/wp-json\/wp\/v2\/comments?post=14944"}],"version-history":[{"count":3,"href":"https:\/\/firagran.com\/es\/wp-json\/wp\/v2\/posts\/14944\/revisions"}],"predecessor-version":[{"id":14948,"href":"https:\/\/firagran.com\/es\/wp-json\/wp\/v2\/posts\/14944\/revisions\/14948"}],"wp:featuredmedia":[{"embeddable":true,"href":"https:\/\/firagran.com\/es\/wp-json\/wp\/v2\/media\/14942"}],"wp:attachment":[{"href":"https:\/\/firagran.com\/es\/wp-json\/wp\/v2\/media?parent=14944"}],"wp:term":[{"taxonomy":"category","embeddable":true,"href":"https:\/\/firagran.com\/es\/wp-json\/wp\/v2\/categories?post=14944"},{"taxonomy":"post_tag","embeddable":true,"href":"https:\/\/firagran.com\/es\/wp-json\/wp\/v2\/tags?post=14944"}],"curies":[{"name":"wp","href":"https:\/\/api.w.org\/{rel}","templated":true}]}}