{"id":15012,"date":"2023-02-13T18:00:27","date_gmt":"2023-02-13T17:00:27","guid":{"rendered":"https:\/\/firagran.com\/?p=15012"},"modified":"2023-02-13T18:00:27","modified_gmt":"2023-02-13T17:00:27","slug":"la-pandemia-de-la-covid-19-ayuda-a-fortalecer-el-servicio-de-hospitalizacion-domiciliaria-de-personas-mayores","status":"publish","type":"post","link":"https:\/\/firagran.com\/es\/la-pandemia-de-la-covid-19-ayuda-a-fortalecer-el-servicio-de-hospitalizacion-domiciliaria-de-personas-mayores\/","title":{"rendered":"La pandemia de la COVID-19 ayuda a fortalecer el servicio de hospitalizaci\u00f3n domiciliaria de personas mayores"},"content":{"rendered":"<h4>El Parc Sanitari Pere Virgili (PSPV) ha<strong>\u00a0multiplicado por cuatro la capacidad de su servicio de hospitalizaci\u00f3n a domicilio\u00a0<\/strong>(HaD) de personas mayores desde su puesta en marcha en enero de 2018.<\/h4>\n<p>A d\u00eda de hoy, las personas atendidas\u00a0<strong>superan el millar<\/strong>\u00a0y esta modalidad de atenci\u00f3n goza ya de una<strong>\u00a0proporci\u00f3n del 13% en relaci\u00f3n a las hospitalizaciones totales, cuando en 2018 s\u00f3lo era del 4%.<\/strong>\u00a0 Un\u00a0estudio\u00a0publicado en\u00a0<em>el Journal of the American Medical Directors Association<\/em>, pone en valor que el aumento num\u00e9rico de este servicio tambi\u00e9n va de la mano de numerosas ventajas cualitativas.<\/p>\n<p>Para m\u00e1s informaci\u00f3n: <a href=\"https:\/\/www.uoc.edu\/portal\/es\/news\/actualitat\/2023\/025-geriatria-hospitalizacion-domicilio.html\">La pandemia de la COVID-19 ayuda a fortalecer el servicio de hospitalizaci\u00f3n domiciliaria de personas mayores<\/a><\/p>\n<p>Fuente: <a href=\"https:\/\/www.uoc.edu\/portal\/es\/index.html\">Universitat Oberta de Catalunya<\/a><\/p>\n<p>Twitter UOC: <a href=\"https:\/\/twitter.com\/UOCuniversidad\">@UOCuniversidad<\/a><\/p>\n","protected":false},"excerpt":{"rendered":"<p>El Parc Sanitari Pere Virgili (PSPV) ha\u00a0multiplicado por cuatro la capacidad de su servicio de hospitalizaci\u00f3n a domicilio\u00a0(HaD) de personas mayores desde su puesta en marcha en enero de 2018. A d\u00eda de hoy, las <a href=\"https:\/\/firagran.com\/es\/la-pandemia-de-la-covid-19-ayuda-a-fortalecer-el-servicio-de-hospitalizacion-domiciliaria-de-personas-mayores\/\"> [&#8230;]<\/a><\/p>\n","protected":false},"author":1,"featured_media":15008,"comment_status":"closed","ping_status":"closed","sticky":false,"template":"","format":"standard","meta":{"footnotes":""},"categories":[82,71,94],"tags":[],"class_list":["post-15012","post","type-post","status-publish","format-standard","has-post-thumbnail","hentry","category-cuidar-la-salud","category-dependencia-es","category-enfermedades"],"_links":{"self":[{"href":"https:\/\/firagran.com\/es\/wp-json\/wp\/v2\/posts\/15012","targetHints":{"allow":["GET"]}}],"collection":[{"href":"https:\/\/firagran.com\/es\/wp-json\/wp\/v2\/posts"}],"about":[{"href":"https:\/\/firagran.com\/es\/wp-json\/wp\/v2\/types\/post"}],"author":[{"embeddable":true,"href":"https:\/\/firagran.com\/es\/wp-json\/wp\/v2\/users\/1"}],"replies":[{"embeddable":true,"href":"https:\/\/firagran.com\/es\/wp-json\/wp\/v2\/comments?post=15012"}],"version-history":[{"count":1,"href":"https:\/\/firagran.com\/es\/wp-json\/wp\/v2\/posts\/15012\/revisions"}],"predecessor-version":[{"id":15013,"href":"https:\/\/firagran.com\/es\/wp-json\/wp\/v2\/posts\/15012\/revisions\/15013"}],"wp:featuredmedia":[{"embeddable":true,"href":"https:\/\/firagran.com\/es\/wp-json\/wp\/v2\/media\/15008"}],"wp:attachment":[{"href":"https:\/\/firagran.com\/es\/wp-json\/wp\/v2\/media?parent=15012"}],"wp:term":[{"taxonomy":"category","embeddable":true,"href":"https:\/\/firagran.com\/es\/wp-json\/wp\/v2\/categories?post=15012"},{"taxonomy":"post_tag","embeddable":true,"href":"https:\/\/firagran.com\/es\/wp-json\/wp\/v2\/tags?post=15012"}],"curies":[{"name":"wp","href":"https:\/\/api.w.org\/{rel}","templated":true}]}}