{"id":15033,"date":"2023-02-17T09:00:45","date_gmt":"2023-02-17T08:00:45","guid":{"rendered":"https:\/\/firagran.com\/?p=15033"},"modified":"2023-02-16T13:48:49","modified_gmt":"2023-02-16T12:48:49","slug":"sabadell-gent-gran-incorpora-mascotas-robot-en-las-terapias-para-personas-con-demencia","status":"publish","type":"post","link":"https:\/\/firagran.com\/es\/sabadell-gent-gran-incorpora-mascotas-robot-en-las-terapias-para-personas-con-demencia\/","title":{"rendered":"Sabadell Gent Gran incorpora mascotas robot en las terapias para personas con demencia"},"content":{"rendered":"<h4 id=\"tw-target-text\" class=\"tw-data-text tw-text-large tw-ta\" dir=\"ltr\" data-placeholder=\"Translation\"><span class=\"Y2IQFc\" lang=\"es\">La residencia Sabadell Gent Gran, gestionada por el Taul\u00ed, ha ampliado las terapias no farmacol\u00f3gicas para personas con demencia con la incorporaci\u00f3n de mascotas rob\u00f3ticas.<\/span><\/h4>\n<p>&nbsp;<\/p>\n<p class=\"tw-data-text tw-text-large tw-ta\" dir=\"ltr\" data-placeholder=\"Translation\"><span class=\"Y2IQFc\" lang=\"es\">En total, una cincuentena de residentes utilizan desde hace un par de meses los cuatro gatos y el perro artificiales, preparados para reaccionar a las interacciones de los usuarios. El director de proyectos y operaciones de la residencia, Pedro Cano, asegura que estas mascotas complementan las terapias con animales reales, detenidas desde el estallido de la pandemia de coronavirus. De hecho, asegura que los efectos en los residentes son bien visibles y suponen varias ventajas.<\/span><\/p>\n<p dir=\"ltr\" data-placeholder=\"Translation\">Para m\u00e1s informaci\u00f3n: <a href=\"https:\/\/radiosabadell.fm\/noticia\/sabadell-gent-gran-incorpora-mascotes-robot-les-terapies-persones-amb-demencia\">Sabadell Gent Gran incorpora mascotes robot a les ter\u00e0pies per a persones amb dem\u00e8ncia<\/a><\/p>\n<p dir=\"ltr\" data-placeholder=\"Translation\">Fuente: <a href=\"https:\/\/radiosabadell.fm\/\">R\u00e0dio Sabadell<\/a><\/p>\n<p dir=\"ltr\" data-placeholder=\"Translation\">Twitter R\u00e0dio Sabadell: <a href=\"https:\/\/twitter.com\/radiosabadell\">@RadioSabadell<\/a><\/p>\n","protected":false},"excerpt":{"rendered":"<p>La residencia Sabadell Gent Gran, gestionada por el Taul\u00ed, ha ampliado las terapias no farmacol\u00f3gicas para personas con demencia con la incorporaci\u00f3n de mascotas rob\u00f3ticas. &nbsp; En total, una cincuentena de residentes utilizan desde hace <a href=\"https:\/\/firagran.com\/es\/sabadell-gent-gran-incorpora-mascotas-robot-en-las-terapias-para-personas-con-demencia\/\"> [&#8230;]<\/a><\/p>\n","protected":false},"author":1,"featured_media":15030,"comment_status":"closed","ping_status":"closed","sticky":false,"template":"","format":"standard","meta":{"footnotes":""},"categories":[83,71,79,72],"tags":[],"class_list":["post-15033","post","type-post","status-publish","format-standard","has-post-thumbnail","hentry","category-como-prevenir-el-deterioramiento-congnitivo","category-dependencia-es","category-nuevas-tecnologias","category-residencias-centros-de-dia-y-viviendas-tuteladas"],"_links":{"self":[{"href":"https:\/\/firagran.com\/es\/wp-json\/wp\/v2\/posts\/15033","targetHints":{"allow":["GET"]}}],"collection":[{"href":"https:\/\/firagran.com\/es\/wp-json\/wp\/v2\/posts"}],"about":[{"href":"https:\/\/firagran.com\/es\/wp-json\/wp\/v2\/types\/post"}],"author":[{"embeddable":true,"href":"https:\/\/firagran.com\/es\/wp-json\/wp\/v2\/users\/1"}],"replies":[{"embeddable":true,"href":"https:\/\/firagran.com\/es\/wp-json\/wp\/v2\/comments?post=15033"}],"version-history":[{"count":1,"href":"https:\/\/firagran.com\/es\/wp-json\/wp\/v2\/posts\/15033\/revisions"}],"predecessor-version":[{"id":15034,"href":"https:\/\/firagran.com\/es\/wp-json\/wp\/v2\/posts\/15033\/revisions\/15034"}],"wp:featuredmedia":[{"embeddable":true,"href":"https:\/\/firagran.com\/es\/wp-json\/wp\/v2\/media\/15030"}],"wp:attachment":[{"href":"https:\/\/firagran.com\/es\/wp-json\/wp\/v2\/media?parent=15033"}],"wp:term":[{"taxonomy":"category","embeddable":true,"href":"https:\/\/firagran.com\/es\/wp-json\/wp\/v2\/categories?post=15033"},{"taxonomy":"post_tag","embeddable":true,"href":"https:\/\/firagran.com\/es\/wp-json\/wp\/v2\/tags?post=15033"}],"curies":[{"name":"wp","href":"https:\/\/api.w.org\/{rel}","templated":true}]}}