{"id":15687,"date":"2023-05-25T10:19:26","date_gmt":"2023-05-25T08:19:26","guid":{"rendered":"https:\/\/firagran.com\/?p=15687"},"modified":"2023-05-25T10:19:26","modified_gmt":"2023-05-25T08:19:26","slug":"como-llevar-la-enfermedad-de-alzheimer-de-forma-mas-positiva-consejos-para-la-familia-y-amigos","status":"publish","type":"post","link":"https:\/\/firagran.com\/es\/como-llevar-la-enfermedad-de-alzheimer-de-forma-mas-positiva-consejos-para-la-familia-y-amigos\/","title":{"rendered":"C\u00f3mo llevar la enfermedad de Alzheimer de forma m\u00e1s positiva: consejos para la familia y amigos."},"content":{"rendered":"<p>El Alzheimer es una enfermedad neurodegenerativa que afecta principalmente a las personas mayores. Se caracteriza por una paulatina disminuci\u00f3n de la memoria, el pensamiento y la capacidad para llevar a cabo actividades cotidianas. Tanto para los pacientes como para sus familias, hacer frente a esta enfermedad puede resultar muy dif\u00edcil.<\/p>\n<p>Sin embargo, existen enfoques positivos para afrontar el Alzheimer. Es fundamental educarse sobre la enfermedad, entender sus s\u00edntomas y c\u00f3mo afecta a la vida cotidiana del paciente. Adem\u00e1s, es importante involucrar al paciente en la planificaci\u00f3n de su cuidado, permiti\u00e9ndoles participar en decisiones y actividades significativas, incluso si ya no pueden hacer todo lo que sol\u00edan disfrutar.<\/p>\n<p>La comunicaci\u00f3n juega un papel clave en el cuidado de un paciente con Alzheimer. Es necesario comunicarse de forma clara, paciente y comprensiva, prestando atenci\u00f3n a sus preocupaciones y necesidades. Adem\u00e1s, contar con el apoyo y colaboraci\u00f3n de toda la familia es esencial para proporcionar el mejor cuidado posible.<\/p>\n<p>Cuidar de un paciente con Alzheimer puede generar estr\u00e9s y sentimientos abrumadores, por eso es importante buscar apoyo emocional tanto para el cuidador como para el paciente. Amigos, familiares, grupos de apoyo y profesionales pueden ofrecer el soporte necesario durante este proceso.<\/p>\n<p>En resumen, aunque el Alzheimer presenta desaf\u00edos significativos, existen estrategias para afrontarlo de forma positiva. Informarse sobre la enfermedad, incluir al paciente en la toma de decisiones, comunicarse de manera efectiva, contar con el apoyo de la familia y buscar apoyo emocional son aspectos clave para proporcionar un cuidado de calidad a las personas que padecen esta enfermedad.<\/p>\n<p><strong>Tengo un regalo para ti, haz clic en el enlace y obtendr\u00e1s una gu\u00eda completa para cuidar a tu adulto mayor:<\/strong><\/p>\n<h5><a href=\"http:\/\/bit.ly\/3nf4YNv\">http:\/\/bit.ly\/3nf4YNv<\/a><\/h5>\n","protected":false},"excerpt":{"rendered":"<p>El Alzheimer es una enfermedad neurodegenerativa que afecta principalmente a las personas mayores. Se caracteriza por una paulatina disminuci\u00f3n de la memoria, el pensamiento y la capacidad para llevar a cabo actividades cotidianas. Tanto para <a href=\"https:\/\/firagran.com\/es\/como-llevar-la-enfermedad-de-alzheimer-de-forma-mas-positiva-consejos-para-la-familia-y-amigos\/\"> [&#8230;]<\/a><\/p>\n","protected":false},"author":1,"featured_media":15681,"comment_status":"closed","ping_status":"closed","sticky":false,"template":"","format":"standard","meta":{"footnotes":""},"categories":[83,82,71,94],"tags":[],"class_list":["post-15687","post","type-post","status-publish","format-standard","has-post-thumbnail","hentry","category-como-prevenir-el-deterioramiento-congnitivo","category-cuidar-la-salud","category-dependencia-es","category-enfermedades"],"_links":{"self":[{"href":"https:\/\/firagran.com\/es\/wp-json\/wp\/v2\/posts\/15687","targetHints":{"allow":["GET"]}}],"collection":[{"href":"https:\/\/firagran.com\/es\/wp-json\/wp\/v2\/posts"}],"about":[{"href":"https:\/\/firagran.com\/es\/wp-json\/wp\/v2\/types\/post"}],"author":[{"embeddable":true,"href":"https:\/\/firagran.com\/es\/wp-json\/wp\/v2\/users\/1"}],"replies":[{"embeddable":true,"href":"https:\/\/firagran.com\/es\/wp-json\/wp\/v2\/comments?post=15687"}],"version-history":[{"count":2,"href":"https:\/\/firagran.com\/es\/wp-json\/wp\/v2\/posts\/15687\/revisions"}],"predecessor-version":[{"id":15689,"href":"https:\/\/firagran.com\/es\/wp-json\/wp\/v2\/posts\/15687\/revisions\/15689"}],"wp:featuredmedia":[{"embeddable":true,"href":"https:\/\/firagran.com\/es\/wp-json\/wp\/v2\/media\/15681"}],"wp:attachment":[{"href":"https:\/\/firagran.com\/es\/wp-json\/wp\/v2\/media?parent=15687"}],"wp:term":[{"taxonomy":"category","embeddable":true,"href":"https:\/\/firagran.com\/es\/wp-json\/wp\/v2\/categories?post=15687"},{"taxonomy":"post_tag","embeddable":true,"href":"https:\/\/firagran.com\/es\/wp-json\/wp\/v2\/tags?post=15687"}],"curies":[{"name":"wp","href":"https:\/\/api.w.org\/{rel}","templated":true}]}}