{"id":15740,"date":"2023-07-14T13:41:36","date_gmt":"2023-07-14T11:41:36","guid":{"rendered":"https:\/\/firagran.com\/?p=15740"},"modified":"2023-07-14T13:41:36","modified_gmt":"2023-07-14T11:41:36","slug":"salut-activa-el-plan-de-actuacion-para-prevenir-los-efectos-de-las-oleadas-de-calor-sobre-la-salud-pocs","status":"publish","type":"post","link":"https:\/\/firagran.com\/es\/salut-activa-el-plan-de-actuacion-para-prevenir-los-efectos-de-las-oleadas-de-calor-sobre-la-salud-pocs\/","title":{"rendered":"Salut activa el Plan de actuaci\u00f3n para prevenir los efectos de las oleadas de calor sobre la salud (POCS)"},"content":{"rendered":"<h4>El Servicio Meteorol\u00f3gico de Catalu\u00f1a ha informado que se esperan temperaturas m\u00e1ximas extremas en zonas del interior y pide extremar las precauciones<\/h4>\n<p>&nbsp;<\/p>\n<p>El Departamento de Salut ha activado el Plan de actuaci\u00f3n para prevenir los efectos de las oleadas de calor sobre la salud (POCS) en fase 2, ante el episodio de temperaturas m\u00e1ximas extremas que estaba previsto que empezaran ayer en Catalunya. Esta ola de calor afectar\u00e1 sobre todo a las comarcas de poniente: Segri\u00e0, Noguera, Urgell, Pla d&#8217;Urgell y Garrigues, donde el peligro es considerado de alto (4-6).<\/p>\n<p>Est\u00e1 previsto que durante estos d\u00edas, el resto de las comarcas de Catalunya est\u00e9n en riesgo moderado (1-2) por la ola de calor. Independientemente del umbral de riesgo previsto, la alerta de las altas temperaturas y los consejos para la autoprotecci\u00f3n de la ciudadan\u00eda se extienden a todo el territorio catal\u00e1n.<\/p>\n<p>&nbsp;<\/p>\n<p>Para m\u00e1s informaci\u00f3n: <a href=\"https:\/\/www.balaguer.tv\/salut-activa-el-pla-dactuacio-per-prevenir-els-efectes-de-les-onades-de-calor-sobre-la-salut-pocs\/\">https:\/\/www.balaguer.tv\/salut-activa-el-pla-dactuacio-per-prevenir-els-efectes-de-les-onades-de-calor-sobre-la-salut-pocs\/<\/a><\/p>\n<p>Fuente: <a href=\"https:\/\/www.balaguer.tv\/\">Balaguer Televis\u00edo<\/a><\/p>\n<p>Twitter Balaguer Televisi\u00f3: <a href=\"https:\/\/twitter.com\/balaguertv?lang=es\">@BalaguerTV<\/a><\/p>\n<p><a href=\"https:\/\/salutpublica.gencat.cat\/ca\/ambits\/vigilancia_salut_publica\/pocs\/index.html#googtrans(ca|es)\">Descripci\u00f3n del Plan POCS de la Generalitat de Catalunya<\/a><\/p>\n","protected":false},"excerpt":{"rendered":"<p>El Servicio Meteorol\u00f3gico de Catalu\u00f1a ha informado que se esperan temperaturas m\u00e1ximas extremas en zonas del interior y pide extremar las precauciones &nbsp; El Departamento de Salut ha activado el Plan de actuaci\u00f3n para prevenir <a href=\"https:\/\/firagran.com\/es\/salut-activa-el-plan-de-actuacion-para-prevenir-los-efectos-de-las-oleadas-de-calor-sobre-la-salud-pocs\/\"> [&#8230;]<\/a><\/p>\n","protected":false},"author":1,"featured_media":15739,"comment_status":"closed","ping_status":"closed","sticky":false,"template":"","format":"standard","meta":{"footnotes":""},"categories":[69,82,28,73],"tags":[],"class_list":["post-15740","post","type-post","status-publish","format-standard","has-post-thumbnail","hentry","category-consumo-y-seguridad","category-cuidar-la-salud","category-general-es","category-servicios-y-ayudas-publicas"],"_links":{"self":[{"href":"https:\/\/firagran.com\/es\/wp-json\/wp\/v2\/posts\/15740","targetHints":{"allow":["GET"]}}],"collection":[{"href":"https:\/\/firagran.com\/es\/wp-json\/wp\/v2\/posts"}],"about":[{"href":"https:\/\/firagran.com\/es\/wp-json\/wp\/v2\/types\/post"}],"author":[{"embeddable":true,"href":"https:\/\/firagran.com\/es\/wp-json\/wp\/v2\/users\/1"}],"replies":[{"embeddable":true,"href":"https:\/\/firagran.com\/es\/wp-json\/wp\/v2\/comments?post=15740"}],"version-history":[{"count":2,"href":"https:\/\/firagran.com\/es\/wp-json\/wp\/v2\/posts\/15740\/revisions"}],"predecessor-version":[{"id":15742,"href":"https:\/\/firagran.com\/es\/wp-json\/wp\/v2\/posts\/15740\/revisions\/15742"}],"wp:featuredmedia":[{"embeddable":true,"href":"https:\/\/firagran.com\/es\/wp-json\/wp\/v2\/media\/15739"}],"wp:attachment":[{"href":"https:\/\/firagran.com\/es\/wp-json\/wp\/v2\/media?parent=15740"}],"wp:term":[{"taxonomy":"category","embeddable":true,"href":"https:\/\/firagran.com\/es\/wp-json\/wp\/v2\/categories?post=15740"},{"taxonomy":"post_tag","embeddable":true,"href":"https:\/\/firagran.com\/es\/wp-json\/wp\/v2\/tags?post=15740"}],"curies":[{"name":"wp","href":"https:\/\/api.w.org\/{rel}","templated":true}]}}