{"id":16893,"date":"2025-02-05T12:00:35","date_gmt":"2025-02-05T11:00:35","guid":{"rendered":"https:\/\/firagran.com\/?p=16893"},"modified":"2025-02-05T11:33:12","modified_gmt":"2025-02-05T10:33:12","slug":"la-doble-validacion-de-la-meva-salut-y-la-digitalizacion-una-barrera-para-las-personas-mayores","status":"publish","type":"post","link":"https:\/\/firagran.com\/es\/la-doble-validacion-de-la-meva-salut-y-la-digitalizacion-una-barrera-para-las-personas-mayores\/","title":{"rendered":"La doble validaci\u00f3n de La Meva Salut y la digitalizaci\u00f3n, una barrera para las personas mayores"},"content":{"rendered":"<p>El uso de la doble autenticaci\u00f3n para acceder a La Meva Salut est\u00e1 dificultando el acceso a muchas personas mayores. Este sistema, pensado para mejorar la seguridad, se ha convertido en una barrera para aquellos con menos habilidades digitales.<\/p>\n<p>Entidades y profesionales alertan de que la creciente digitalizaci\u00f3n de los servicios sanitarios puede dejar atr\u00e1s a una parte de la poblaci\u00f3n que necesita alternativas m\u00e1s accesibles.<\/p>\n<p>Fuente: <a href=\"https:\/\/www.ondacero.es\/\">https:\/\/www.ondacero.es\/<\/a><\/p>\n<p>Para m\u00e1s informaci\u00f3n: <a href=\"https:\/\/www.ondacero.es\/emisoras\/catalunya\/noticies\/doble-validacio-meva-salut-digitalitzacio-daplicacions-barrera-per-gent-gran_20250130679b9fec797cbb00013b57ff.html\">https:\/\/www.ondacero.es\/emisoras\/catalunya\/noticies\/doble-validacio-meva-salut-digitalitzacio-daplicacions-barrera-per-gent-gran_20250130679b9fec797cbb00013b57ff.html<\/a><\/p>\n<p>Twitter Onda Cero: <a href=\"https:\/\/x.com\/OndaCero_es\">@OndaCero_es<\/a><\/p>\n","protected":false},"excerpt":{"rendered":"<p>El uso de la doble autenticaci\u00f3n para acceder a La Meva Salut est\u00e1 dificultando el acceso a muchas personas mayores. Este sistema, pensado para mejorar la seguridad, se ha convertido en una barrera para aquellos <a href=\"https:\/\/firagran.com\/es\/la-doble-validacion-de-la-meva-salut-y-la-digitalizacion-una-barrera-para-las-personas-mayores\/\"> [&#8230;]<\/a><\/p>\n","protected":false},"author":1,"featured_media":16891,"comment_status":"closed","ping_status":"closed","sticky":false,"template":"","format":"standard","meta":{"footnotes":""},"categories":[69,71],"tags":[],"class_list":["post-16893","post","type-post","status-publish","format-standard","has-post-thumbnail","hentry","category-consumo-y-seguridad","category-dependencia-es"],"_links":{"self":[{"href":"https:\/\/firagran.com\/es\/wp-json\/wp\/v2\/posts\/16893","targetHints":{"allow":["GET"]}}],"collection":[{"href":"https:\/\/firagran.com\/es\/wp-json\/wp\/v2\/posts"}],"about":[{"href":"https:\/\/firagran.com\/es\/wp-json\/wp\/v2\/types\/post"}],"author":[{"embeddable":true,"href":"https:\/\/firagran.com\/es\/wp-json\/wp\/v2\/users\/1"}],"replies":[{"embeddable":true,"href":"https:\/\/firagran.com\/es\/wp-json\/wp\/v2\/comments?post=16893"}],"version-history":[{"count":1,"href":"https:\/\/firagran.com\/es\/wp-json\/wp\/v2\/posts\/16893\/revisions"}],"predecessor-version":[{"id":16894,"href":"https:\/\/firagran.com\/es\/wp-json\/wp\/v2\/posts\/16893\/revisions\/16894"}],"wp:featuredmedia":[{"embeddable":true,"href":"https:\/\/firagran.com\/es\/wp-json\/wp\/v2\/media\/16891"}],"wp:attachment":[{"href":"https:\/\/firagran.com\/es\/wp-json\/wp\/v2\/media?parent=16893"}],"wp:term":[{"taxonomy":"category","embeddable":true,"href":"https:\/\/firagran.com\/es\/wp-json\/wp\/v2\/categories?post=16893"},{"taxonomy":"post_tag","embeddable":true,"href":"https:\/\/firagran.com\/es\/wp-json\/wp\/v2\/tags?post=16893"}],"curies":[{"name":"wp","href":"https:\/\/api.w.org\/{rel}","templated":true}]}}