{"id":16913,"date":"2025-02-13T15:30:42","date_gmt":"2025-02-13T14:30:42","guid":{"rendered":"https:\/\/firagran.com\/?p=16913"},"modified":"2025-02-13T15:21:55","modified_gmt":"2025-02-13T14:21:55","slug":"el-derecho-de-las-personas-mayores-a-expresar-sus-deseos-sexuales","status":"publish","type":"post","link":"https:\/\/firagran.com\/es\/el-derecho-de-las-personas-mayores-a-expresar-sus-deseos-sexuales\/","title":{"rendered":"El derecho de las personas mayores a expresar sus deseos sexuales"},"content":{"rendered":"<p><strong>Feliciano Villar<\/strong>, Catedr\u00e1tico de psicolog\u00eda experto en envejecimiento alerta que todav\u00eda hay tab\u00faes sobre la sexualidad en esta etapa de la vida y defiende la necesidad de reconocer y respetar el derecho a expresar los deseos afectivos y sexuales en la vejez, en una entrevista muy interesante con el <strong>Diari ARA<\/strong>.<\/p>\n<p>Fuente: <a href=\"https:\/\/es.ara.cat\/\">Diari ARA<\/a><\/p>\n<p>Para m\u00e1s informaci\u00f3n: <a href=\"https:\/\/es.ara.cat\/sociedad\/salud\/hay-avanzar-derecho-expresar-deseos-sexuales-personas-mayores_128_5259606.html\">Feliciano Villar: &#8220;Hay que avanzar en el derecho de expresar los deseos sexuales de las personas mayores&#8221;<\/a><\/p>\n<p>Twitter Diari ARA: <a href=\"https:\/\/x.com\/diariARA\">@diariARA<\/a><\/p>\n","protected":false},"excerpt":{"rendered":"<p>Feliciano Villar, Catedr\u00e1tico de psicolog\u00eda experto en envejecimiento alerta que todav\u00eda hay tab\u00faes sobre la sexualidad en esta etapa de la vida y defiende la necesidad de reconocer y respetar el derecho a expresar los <a href=\"https:\/\/firagran.com\/es\/el-derecho-de-las-personas-mayores-a-expresar-sus-deseos-sexuales\/\"> [&#8230;]<\/a><\/p>\n","protected":false},"author":1,"featured_media":16910,"comment_status":"closed","ping_status":"closed","sticky":false,"template":"","format":"standard","meta":{"footnotes":""},"categories":[82,74,28,81],"tags":[],"class_list":["post-16913","post","type-post","status-publish","format-standard","has-post-thumbnail","hentry","category-cuidar-la-salud","category-entrevistas","category-general-es","category-habitos-saludables"],"_links":{"self":[{"href":"https:\/\/firagran.com\/es\/wp-json\/wp\/v2\/posts\/16913","targetHints":{"allow":["GET"]}}],"collection":[{"href":"https:\/\/firagran.com\/es\/wp-json\/wp\/v2\/posts"}],"about":[{"href":"https:\/\/firagran.com\/es\/wp-json\/wp\/v2\/types\/post"}],"author":[{"embeddable":true,"href":"https:\/\/firagran.com\/es\/wp-json\/wp\/v2\/users\/1"}],"replies":[{"embeddable":true,"href":"https:\/\/firagran.com\/es\/wp-json\/wp\/v2\/comments?post=16913"}],"version-history":[{"count":1,"href":"https:\/\/firagran.com\/es\/wp-json\/wp\/v2\/posts\/16913\/revisions"}],"predecessor-version":[{"id":16914,"href":"https:\/\/firagran.com\/es\/wp-json\/wp\/v2\/posts\/16913\/revisions\/16914"}],"wp:featuredmedia":[{"embeddable":true,"href":"https:\/\/firagran.com\/es\/wp-json\/wp\/v2\/media\/16910"}],"wp:attachment":[{"href":"https:\/\/firagran.com\/es\/wp-json\/wp\/v2\/media?parent=16913"}],"wp:term":[{"taxonomy":"category","embeddable":true,"href":"https:\/\/firagran.com\/es\/wp-json\/wp\/v2\/categories?post=16913"},{"taxonomy":"post_tag","embeddable":true,"href":"https:\/\/firagran.com\/es\/wp-json\/wp\/v2\/tags?post=16913"}],"curies":[{"name":"wp","href":"https:\/\/api.w.org\/{rel}","templated":true}]}}