{"id":16979,"date":"2025-02-17T13:45:46","date_gmt":"2025-02-17T12:45:46","guid":{"rendered":"https:\/\/firagran.com\/a-catalunya-ser-digital-no-te-edat-9-000-cursos-gratuits-per-reduir-la-bretxa-digital\/"},"modified":"2025-02-17T13:47:01","modified_gmt":"2025-02-17T12:47:01","slug":"en-cataluna-ser-digital-no-tiene-edad-9-000-cursos-gratuitos-para-reducir-la-brecha-digital","status":"publish","type":"post","link":"https:\/\/firagran.com\/es\/en-cataluna-ser-digital-no-tiene-edad-9-000-cursos-gratuitos-para-reducir-la-brecha-digital\/","title":{"rendered":"\u201cEn Catalu\u00f1a, ser digital no tiene edad\u201d: 9.000 cursos gratuitos para reducir la brecha digital"},"content":{"rendered":"<div class=\"fusion-fullwidth fullwidth-box fusion-builder-row-1 fusion-flex-container nonhundred-percent-fullwidth non-hundred-percent-height-scrolling\" style=\"--awb-border-radius-top-left:0px;--awb-border-radius-top-right:0px;--awb-border-radius-bottom-right:0px;--awb-border-radius-bottom-left:0px;--awb-flex-wrap:wrap;\" ><div class=\"fusion-builder-row fusion-row fusion-flex-align-items-flex-start fusion-flex-content-wrap\" style=\"max-width:1248px;margin-left: calc(-4% \/ 2 );margin-right: calc(-4% \/ 2 );\"><div class=\"fusion-layout-column fusion_builder_column fusion-builder-column-0 fusion_builder_column_1_1 1_1 fusion-flex-column\" style=\"--awb-bg-size:cover;--awb-width-large:100%;--awb-margin-top-large:0px;--awb-spacing-right-large:1.92%;--awb-margin-bottom-large:0px;--awb-spacing-left-large:1.92%;--awb-width-medium:100%;--awb-spacing-right-medium:1.92%;--awb-spacing-left-medium:1.92%;--awb-width-small:100%;--awb-spacing-right-small:1.92%;--awb-spacing-left-small:1.92%;\"><div class=\"fusion-column-wrapper fusion-flex-justify-content-flex-start fusion-content-layout-column\"><div class=\"fusion-text fusion-text-1\"><p>La lucha contra la brecha digital en Catalu\u00f1a vuelve a dar un paso adelante. Porque \u201cEn Catalu\u00f1a, ser digital no tiene edad\u201d. Precisamente, bajo este nombre, el Gobierno de la Generalitat ha puesto en marcha una campa\u00f1a con el objetivo de difundir el programa formativo \u2018M\u00e1s digitales\u2019 y alentar la participaci\u00f3n especialmente de los mayores en los m\u00e1s de 9.000 cursos gratuitos que ofrece para mejorar las competencias y habilidades con los dispositivos m\u00f3viles.<\/p>\n<p>Esta iniciativa, impulsada por la Secretar\u00eda de Pol\u00edticas Digitales del Departamento de Empresa y Trabajo, se pone en marcha despu\u00e9s de la prueba piloto que realiz\u00f3 la<strong> Fundaci\u00f3n FiraGran<\/strong>, a petici\u00f3n de la Generalitat. Los cursos piloto, realizados en Barcelona, Parets del Vall\u00e8s, Canovelles y Lli\u00e7\u00e0 d&#8217;Amunt y en los que participaron 60 personas, han servido, de hecho, para conocer la opini\u00f3n de los usuarios y perfeccionar la metodolog\u00eda que se aplicar\u00e1 ahora.<\/p>\n<p>De este modo, el programa ofrecer\u00e1 <strong>9.031 cursos gratuitos y presenciales<\/strong> en toda Catalu\u00f1a, de 15 horas de duraci\u00f3n, dirigidos especialmente a personas mayores de 60 a\u00f1os, a pesar de que tambi\u00e9n a colectivos vulnerables. Los cursos se realizar\u00e1n en grupos reducidos de <strong>5 a 15 personas <\/strong>y se dividir\u00e1n en tres niveles seg\u00fan los conocimientos previos de los participantes:<\/p>\n<ul>\n<li><strong>Descubrimos el mundo digital:<\/strong> formaci\u00f3n b\u00e1sica para aprender a utilizar el m\u00f3vil, hacer llamadas y gestionar mensajes.<\/li>\n<li><strong>Nos movemos por el mundo digital:<\/strong> uso aut\u00f3nomo de correo electr\u00f3nico, fotos, navegaci\u00f3n por Internet y ciberseguridad.<\/li>\n<li><strong>Nos adentramos por el mundo digital:<\/strong> tr\u00e1mites online, gesti\u00f3n de la banca digital, uso de apps y entretenimiento.<\/li>\n<\/ul>\n<p>Toda la informaci\u00f3n sobre la oferta e inscripci\u00f3n en los cursos se puede consultar en el web<strong> <a href=\"https:\/\/politiquesdigitals.gencat.cat\/ca\/ciutadania\/pla-de-xoc-contra-la-bretxa-digital\/\" target=\"_blank\" rel=\"noopener\">M\u00e1s digitales<\/a><\/strong>, al servicio telef\u00f3nico 012 y a los puntos informativos espec\u00edficos distribuidos en todo el territorio, que se pueden consultar en <strong><a href=\"https:\/\/politiquesdigitals.gencat.cat\/ca\/ciutadania\/pla-de-xoc-contra-la-bretxa-digital\/cerca-dels-punts-dinformacio\/\" target=\"_blank\" rel=\"noopener\">este enlace.<\/a><\/strong><\/p>\n<\/div><\/div><\/div><\/div><\/div>\n","protected":false},"excerpt":{"rendered":"<p>El Gobierno de la Generalitat ha puesto en marcha una campa\u00f1a con el objetivo de difundir el programa formativo \u2018M\u00e1s digitales\u2019 y alentar la participaci\u00f3n especialmente de los mayores en los m\u00e1s de 9.000 cursos gratuitos que ofrece para mejorar las competencias y habilidades con los dispositivos m\u00f3viles.<\/p>\n","protected":false},"author":2,"featured_media":16970,"comment_status":"closed","ping_status":"closed","sticky":false,"template":"","format":"standard","meta":{"footnotes":""},"categories":[75,78,79],"tags":[],"class_list":["post-16979","post","type-post","status-publish","format-standard","has-post-thumbnail","hentry","category-envejecimiento-activo","category-formacion","category-nuevas-tecnologias"],"_links":{"self":[{"href":"https:\/\/firagran.com\/es\/wp-json\/wp\/v2\/posts\/16979","targetHints":{"allow":["GET"]}}],"collection":[{"href":"https:\/\/firagran.com\/es\/wp-json\/wp\/v2\/posts"}],"about":[{"href":"https:\/\/firagran.com\/es\/wp-json\/wp\/v2\/types\/post"}],"author":[{"embeddable":true,"href":"https:\/\/firagran.com\/es\/wp-json\/wp\/v2\/users\/2"}],"replies":[{"embeddable":true,"href":"https:\/\/firagran.com\/es\/wp-json\/wp\/v2\/comments?post=16979"}],"version-history":[{"count":1,"href":"https:\/\/firagran.com\/es\/wp-json\/wp\/v2\/posts\/16979\/revisions"}],"predecessor-version":[{"id":16980,"href":"https:\/\/firagran.com\/es\/wp-json\/wp\/v2\/posts\/16979\/revisions\/16980"}],"wp:featuredmedia":[{"embeddable":true,"href":"https:\/\/firagran.com\/es\/wp-json\/wp\/v2\/media\/16970"}],"wp:attachment":[{"href":"https:\/\/firagran.com\/es\/wp-json\/wp\/v2\/media?parent=16979"}],"wp:term":[{"taxonomy":"category","embeddable":true,"href":"https:\/\/firagran.com\/es\/wp-json\/wp\/v2\/categories?post=16979"},{"taxonomy":"post_tag","embeddable":true,"href":"https:\/\/firagran.com\/es\/wp-json\/wp\/v2\/tags?post=16979"}],"curies":[{"name":"wp","href":"https:\/\/api.w.org\/{rel}","templated":true}]}}