{"id":16990,"date":"2025-02-19T17:30:49","date_gmt":"2025-02-19T16:30:49","guid":{"rendered":"https:\/\/firagran.com\/?p=16990"},"modified":"2025-02-19T17:05:44","modified_gmt":"2025-02-19T16:05:44","slug":"nace-el-llencol-dhorta-i-de-la-font-den-fargues-la-agenda-para-mayores-de-60-anos","status":"publish","type":"post","link":"https:\/\/firagran.com\/es\/nace-el-llencol-dhorta-i-de-la-font-den-fargues-la-agenda-para-mayores-de-60-anos\/","title":{"rendered":"Nace &#8216;El Llen\u00e7ol d&#8217;Horta i de la Font d&#8217;en Fargues&#8217;, la agenda para mayores de 60 a\u00f1os"},"content":{"rendered":"<p>El distrito de Horta-Guinard\u00f3 ha impulsado El llen\u00e7ol d\u2019Horta i de la Font d\u2019en Fargues, una nueva agenda de actividades dirigida a personas mayores de 60 a\u00f1os. El objetivo de esta iniciativa es fomentar el envejecimiento activo y potenciar la participaci\u00f3n de este colectivo en la vida comunitaria, promoviendo un estilo de vida saludable y socialmente enriquecedor. La agenda se ha dise\u00f1ado teniendo en cuenta las necesidades y preferencias de los vecinos y vecinas mayores del barrio, con propuestas variadas para todos los intereses.<\/p>\n<p>La programaci\u00f3n incluye actividades culturales, deportivas y sociales, con una oferta que va desde talleres y conferencias hasta excursiones, clases de gimnasia y encuentros intergeneracionales. Adem\u00e1s, muchas de estas actividades son gratuitas o tienen un coste reducido para facilitar el acceso. Esta agenda se distribuir\u00e1 en diferentes puntos del distrito, como centros c\u00edvicos, bibliotecas y otros equipamientos municipales, y podr\u00e1 consultarse en l\u00ednea para mantenerse al d\u00eda de todas las novedades.<\/p>\n<p>Fuente: <a href=\"https:\/\/ajuntament.barcelona.cat\/es\/\">Ayuntamiento de Barcelona<\/a><\/p>\n<p>Para m\u00e1s informaci\u00f3n: <a href=\"https:\/\/ajuntament.barcelona.cat\/personesgrans\/es\/noticies\/nace-el-llencol-de-horta-i-de-la-font-d-en-fargues-la-agenda-para-mayores-de-60-anos-1481437\">Nace &#8216;El Llen\u00e7ol d&#8217;Horta i de la Font d&#8217;en Fargues&#8217;, la agenda para mayores de 60 a\u00f1os<\/a><\/p>\n<p>Twitter Ayuntamiento de Barcelona: <a href=\"https:\/\/x.com\/bcn_ajuntament\">@bcn_ajuntament<\/a><\/p>\n","protected":false},"excerpt":{"rendered":"<p>El distrito de Horta-Guinard\u00f3 ha impulsado El llen\u00e7ol d\u2019Horta i de la Font d\u2019en Fargues, una nueva agenda de actividades dirigida a personas mayores de 60 a\u00f1os. El objetivo de esta iniciativa es fomentar el <a href=\"https:\/\/firagran.com\/es\/nace-el-llencol-dhorta-i-de-la-font-den-fargues-la-agenda-para-mayores-de-60-anos\/\"> [&#8230;]<\/a><\/p>\n","protected":false},"author":1,"featured_media":16988,"comment_status":"closed","ping_status":"closed","sticky":false,"template":"","format":"standard","meta":{"footnotes":""},"categories":[82,71,76,73],"tags":[],"class_list":["post-16990","post","type-post","status-publish","format-standard","has-post-thumbnail","hentry","category-cuidar-la-salud","category-dependencia-es","category-entidades-de-personas-mayores","category-servicios-y-ayudas-publicas"],"_links":{"self":[{"href":"https:\/\/firagran.com\/es\/wp-json\/wp\/v2\/posts\/16990","targetHints":{"allow":["GET"]}}],"collection":[{"href":"https:\/\/firagran.com\/es\/wp-json\/wp\/v2\/posts"}],"about":[{"href":"https:\/\/firagran.com\/es\/wp-json\/wp\/v2\/types\/post"}],"author":[{"embeddable":true,"href":"https:\/\/firagran.com\/es\/wp-json\/wp\/v2\/users\/1"}],"replies":[{"embeddable":true,"href":"https:\/\/firagran.com\/es\/wp-json\/wp\/v2\/comments?post=16990"}],"version-history":[{"count":1,"href":"https:\/\/firagran.com\/es\/wp-json\/wp\/v2\/posts\/16990\/revisions"}],"predecessor-version":[{"id":16991,"href":"https:\/\/firagran.com\/es\/wp-json\/wp\/v2\/posts\/16990\/revisions\/16991"}],"wp:featuredmedia":[{"embeddable":true,"href":"https:\/\/firagran.com\/es\/wp-json\/wp\/v2\/media\/16988"}],"wp:attachment":[{"href":"https:\/\/firagran.com\/es\/wp-json\/wp\/v2\/media?parent=16990"}],"wp:term":[{"taxonomy":"category","embeddable":true,"href":"https:\/\/firagran.com\/es\/wp-json\/wp\/v2\/categories?post=16990"},{"taxonomy":"post_tag","embeddable":true,"href":"https:\/\/firagran.com\/es\/wp-json\/wp\/v2\/tags?post=16990"}],"curies":[{"name":"wp","href":"https:\/\/api.w.org\/{rel}","templated":true}]}}