{"id":17157,"date":"2025-03-21T13:14:24","date_gmt":"2025-03-21T12:14:24","guid":{"rendered":"https:\/\/firagran.com\/entervista-ramon-vilar\/"},"modified":"2025-03-27T17:48:36","modified_gmt":"2025-03-27T16:48:36","slug":"entervista-ramon-vilar","status":"publish","type":"post","link":"https:\/\/firagran.com\/es\/entervista-ramon-vilar\/","title":{"rendered":"Entrevista a Ramon Vilar, presidente del Festival de Corales de Personas Mayores de FiraGran"},"content":{"rendered":"<div class=\"fusion-fullwidth fullwidth-box fusion-builder-row-1 fusion-flex-container nonhundred-percent-fullwidth non-hundred-percent-height-scrolling\" style=\"--awb-border-radius-top-left:0px;--awb-border-radius-top-right:0px;--awb-border-radius-bottom-right:0px;--awb-border-radius-bottom-left:0px;--awb-flex-wrap:wrap;\" ><div class=\"fusion-builder-row fusion-row fusion-flex-align-items-flex-start fusion-flex-content-wrap\" style=\"max-width:1248px;margin-left: calc(-4% \/ 2 );margin-right: calc(-4% \/ 2 );\"><div class=\"fusion-layout-column fusion_builder_column fusion-builder-column-0 fusion_builder_column_1_1 1_1 fusion-flex-column\" style=\"--awb-bg-size:cover;--awb-width-large:100%;--awb-margin-top-large:0px;--awb-spacing-right-large:1.92%;--awb-margin-bottom-large:0px;--awb-spacing-left-large:1.92%;--awb-width-medium:100%;--awb-spacing-right-medium:1.92%;--awb-spacing-left-medium:1.92%;--awb-width-small:100%;--awb-spacing-right-small:1.92%;--awb-spacing-left-small:1.92%;\"><div class=\"fusion-column-wrapper fusion-flex-justify-content-flex-start fusion-content-layout-column\"><div class=\"fusion-text fusion-text-1\"><h4><strong><em>&#8220;El canto coral puede aportar muchas cosas a las personas mayores, pero, sobre todo, aporta felicidad&#8221;<\/em><\/strong><\/h4>\n<div style=\"width: 100%; height: 30px;\"><\/div>\n<p><strong>Ramon Vilar i Herms<\/strong> es una de las figuras m\u00e1s destacadas en el \u00e1mbito de la etnomusicolog\u00eda y la direcci\u00f3n coral en Catalu\u00f1a. Con una s\u00f3lida formaci\u00f3n musical iniciada en la Escolan\u00eda de Montserrat y ampliada en el Conservatorio Superior Municipal de M\u00fasica de Barcelona, se ha especializado en etnomusicolog\u00eda, direcci\u00f3n coral y canto, disciplinas que ha cultivado a lo largo de una trayectoria ejemplar y que lo han convertido en la persona perfecta para presidir el <a href=\"https:\/\/firagran.com\/es\/firagran-acogera-el-xvi-festival-de-corales-de-personas-mayores-de-cataluna\/\"><strong>XVI Festival de Corales de Gente Mayor de Catalu\u00f1a<\/strong><\/a>, que se celebrar\u00e1 en <strong>FiraGran los d\u00edas 8 y 9 de mayo.<\/strong><\/p>\n<p>Formado, adem\u00e1s, en Canto Gregoriano y licenciado en Filosof\u00eda por la Universidad Aut\u00f3noma de Barcelona, atesora una dilatada experiencia docente. De hecho, ha contribuido activamente a la formaci\u00f3n de nuevas generaciones de m\u00fasicos en los cursos del Orfe\u00f3 Lleidat\u00e0 y \u00c0 Coeur Joie de Cervera y La Caparrella (Lleida). Su labor como director coral tambi\u00e9n ha sido ampliamente reconocida, al frente de formaciones como la Coral Preludi (de Amics de la Unesco de Barcelona), el Cor Blanquerna de la Universitat Ramon Llull y la Schola Gregoriana de Catalunya.<\/p>\n<p>Adem\u00e1s de su actividad interpretativa y pedag\u00f3gica, ha desempe\u00f1ado un papel fundamental en la investigaci\u00f3n y difusi\u00f3n de la m\u00fasica tradicional catalana. A sus 82 a\u00f1os, Vilar se mantiene activo y es, sin duda, una figura clave de la historia del movimiento coral en Catalu\u00f1a.<\/p>\n<ul>\n<li><em><strong>Sr. Vilar, resumir su trayectoria es complicado, ya que tiene una larga y prol\u00edfica carrera, pero si tuviera que destacar tres puntos principales de su recorrido en el mundo de la m\u00fasica y del canto coral, \u00bfcu\u00e1les ser\u00edan?<br \/>\n<\/strong><\/em>\u00a0Mis tres \u00e1mbitos principales son, en primer lugar, la pedagog\u00eda musical, que incluye mi labor como profesor de voz, de m\u00fasica y de direcci\u00f3n coral. En segundo lugar, la direcci\u00f3n coral, un campo en el que he tenido la oportunidad de dirigir formaciones de todas las edades: corales infantiles, juveniles, de adultos y de gente mayor. Finalmente, el tercer gran pilar es la etnomusicolog\u00eda, con una especial dedicaci\u00f3n a la creaci\u00f3n de la Fonoteca Nacional Catalana.<\/li>\n<li><em><strong>\u00bfCu\u00e1ndo y c\u00f3mo naci\u00f3 su pasi\u00f3n por la m\u00fasica? \u00bfHay alg\u00fan momento clave que recuerde especialmente?<br \/>\n<\/strong><\/em>\u00a0Tengo que decir que mi pasi\u00f3n por la m\u00fasica nace ya en la infancia y, sobre todo, con mi estancia en la Escolan\u00eda de Montserrat.<\/li>\n<li><em><strong>Ha formado parte de diversas corales a lo largo de su vida. \u00bfQu\u00e9 experiencias destacar\u00eda?<br \/>\n<\/strong><\/em>\u00a0Lo que m\u00e1s me marc\u00f3, sin duda, fue la Escolan\u00eda de Montserrat, que me dej\u00f3 una huella imborrable. Despu\u00e9s, el Orfe\u00f3 de Sants, donde ejerc\u00ed como subdirector durante algunos a\u00f1os. Y finalmente, debo mencionar a tres profesores que me influenciaron mucho en el canto coral y con cuyos proyectos tambi\u00e9n he colaborado. Uno es Enric Rib\u00f3, del Conservatorio de M\u00fasica de Barcelona; el otro, Manel Cabero, director del Cor Madrigal; y, finalmente, el primer maestro que me ense\u00f1\u00f3 a dirigir corales, que fue Oriol Martorell.<\/li>\n<li><em><strong>\u00bfQu\u00e9 papel cree que juega el canto coral en la vida de las personas mayores?<br \/>\n<\/strong><\/em>\u00a0Creo que el canto coral puede aportar muchas cosas, pero ante todo, felicidad a las personas mayores. Luego, la socializaci\u00f3n, porque se encuentran con otras personas y socializan. Y finalmente, el canto coral les aporta cultura, porque tiene textos, m\u00fasica, poes\u00eda\u2026 Adem\u00e1s, el hecho de usar la voz para cantar ya es un acto cultural important\u00edsimo para todos, ya sea una persona mayor o joven.<\/li>\n<li><em><strong>Actualmente, \u00bfc\u00f3mo ve la situaci\u00f3n del canto coral en Catalu\u00f1a? \u00bfHa evolucionado en los \u00faltimos a\u00f1os?<br \/>\n<\/strong><\/em>\u00a0Estamos en un tiempo de cambio, porque estamos pasando de un momento de federalismo, de federaciones de corales, a proyectos concretos y participativos. Esto supone un cambio importante.<\/li>\n<li>Pero adem\u00e1s, estamos en un tiempo de contrastes. En el canto coral en Catalu\u00f1a, por un lado, hay un movimiento muy interesante de profesionalizaci\u00f3n, con coros muy preparados de gente joven con una gran formaci\u00f3n t\u00e9cnica, vocal y musical, pero tambi\u00e9n hay una realidad de muchas corales, podr\u00edamos decir, modestas.<\/li>\n<li><em><strong>\u00bfHay suficiente apoyo institucional para las corales de personas mayores? \u00bfQu\u00e9 cree que se podr\u00eda mejorar?<br \/>\n<\/strong><\/em>\u00a0Hay algo de apoyo, pero en general no hay un gran respaldo para todo el movimiento coral. Creo que lo que realmente se deber\u00eda hacer es fomentar la formaci\u00f3n de profesores y terapeutas para las corales de personas mayores. Que haya personas que vean en el canto coral para mayores una profesi\u00f3n con la que puedan ganarse la vida, pero tambi\u00e9n que puedan aportar felicidad y calidad.<\/li>\n<li><em><strong>\u00bfQu\u00e9 consejo dar\u00eda a alguien que quiere empezar a cantar en una coral por primera vez?<br \/>\n<\/strong><\/em>\u00a0Primero, que le guste mucho la m\u00fasica. Luego, que antes de entrar se forme un poco, m\u00ednimamente. Que disfrute cantando. Y que tenga ganas de aprender, de compartir y de comprometerse seriamente.<\/li>\n<li><em><strong>Hablemos ahora del Festival de Corales de Personas Mayores de FiraGran. \u00bfCu\u00e1les son los principales objetivos de este certamen?<br \/>\n<\/strong><\/em>\u00a0Antes de hablar de los objetivos, destacar\u00eda la participaci\u00f3n. Porque es un Festival con mucha participaci\u00f3n y eso es positivo. Y como objetivos, subrayar\u00eda la importancia de dar visibilidad al movimiento coral de personas mayores. Este Festival es un excelente escaparate para hacer visible esta realidad. Y tambi\u00e9n destacar\u00eda como objetivo estimular el nacimiento de nuevas corales.<\/li>\n<li><em><strong>\u00bfQu\u00e9 cree que aporta este evento a las personas que participan en \u00e9l?<br \/>\n<\/strong><\/em>\u00bfQu\u00e9 aporta? Ilusi\u00f3n, felicidad y comunicaci\u00f3n mutua. Ver que hay otros como t\u00fa que hacen lo mismo.<\/li>\n<li><em><strong>\u00bfPor qu\u00e9 recomendar\u00eda a la gente que venga a disfrutar de este festival?<br \/>\n<\/strong><\/em>Para el p\u00fablico, creo que es una gran oportunidad para conocer esta realidad y descubrir que existe el canto coral. Y para las corales que participan, porque es una forma de darse a conocer. Una coral necesita actuar, no solo ensayar. Es muy bueno que canten ante un p\u00fablico.<\/li>\n<li><em><strong>Y para terminar, tres preguntas de respuesta r\u00e1pida. Un tema musical.<br \/>\n<\/strong><\/em>\u00a0La cantata 120 de J. Sebastian Bach.<\/li>\n<li><em><strong>Un recuerdo de su trayectoria profesional.<br \/>\n<\/strong><\/em>Unos conciertos en B\u00e9lgica con la coral La Guineu, que fund\u00e9 y dirig\u00eda en aquel momento.<\/li>\n<li><em><strong>Un concierto que recuerde con especial emoci\u00f3n.<br \/>\n<\/strong><\/em>\u201cEl Pessebre\u201d, dirigido por el maestro Enric Rib\u00f3 en el Orfe\u00f3 de Sants.<\/li>\n<\/ul>\n<\/div><\/div><\/div><\/div><\/div>\n","protected":false},"excerpt":{"rendered":"<p> &#8220;El canto coral puede aportar muchas cosas a las personas mayores, pero, sobre todo, aporta felicidad&#8221;<\/p>\n","protected":false},"author":2,"featured_media":17117,"comment_status":"closed","ping_status":"closed","sticky":false,"template":"","format":"standard","meta":{"footnotes":""},"categories":[74,106],"tags":[],"class_list":["post-17157","post","type-post","status-publish","format-standard","has-post-thumbnail","hentry","category-entrevistas","category-firagran-es"],"_links":{"self":[{"href":"https:\/\/firagran.com\/es\/wp-json\/wp\/v2\/posts\/17157","targetHints":{"allow":["GET"]}}],"collection":[{"href":"https:\/\/firagran.com\/es\/wp-json\/wp\/v2\/posts"}],"about":[{"href":"https:\/\/firagran.com\/es\/wp-json\/wp\/v2\/types\/post"}],"author":[{"embeddable":true,"href":"https:\/\/firagran.com\/es\/wp-json\/wp\/v2\/users\/2"}],"replies":[{"embeddable":true,"href":"https:\/\/firagran.com\/es\/wp-json\/wp\/v2\/comments?post=17157"}],"version-history":[{"count":3,"href":"https:\/\/firagran.com\/es\/wp-json\/wp\/v2\/posts\/17157\/revisions"}],"predecessor-version":[{"id":17163,"href":"https:\/\/firagran.com\/es\/wp-json\/wp\/v2\/posts\/17157\/revisions\/17163"}],"wp:featuredmedia":[{"embeddable":true,"href":"https:\/\/firagran.com\/es\/wp-json\/wp\/v2\/media\/17117"}],"wp:attachment":[{"href":"https:\/\/firagran.com\/es\/wp-json\/wp\/v2\/media?parent=17157"}],"wp:term":[{"taxonomy":"category","embeddable":true,"href":"https:\/\/firagran.com\/es\/wp-json\/wp\/v2\/categories?post=17157"},{"taxonomy":"post_tag","embeddable":true,"href":"https:\/\/firagran.com\/es\/wp-json\/wp\/v2\/tags?post=17157"}],"curies":[{"name":"wp","href":"https:\/\/api.w.org\/{rel}","templated":true}]}}