{"id":17220,"date":"2025-03-31T14:12:45","date_gmt":"2025-03-31T12:12:45","guid":{"rendered":"https:\/\/firagran.com\/?p=17220"},"modified":"2025-03-31T14:15:58","modified_gmt":"2025-03-31T12:15:58","slug":"mausoleo-metropolitano-barcelona","status":"publish","type":"post","link":"https:\/\/firagran.com\/es\/mausoleo-metropolitano-barcelona\/","title":{"rendered":"El Mausoleo Metropolitano de Barcelona, una nueva forma de mantener vivo el recuerdo"},"content":{"rendered":"<div class=\"fusion-fullwidth fullwidth-box fusion-builder-row-1 fusion-flex-container has-pattern-background has-mask-background nonhundred-percent-fullwidth non-hundred-percent-height-scrolling\" style=\"--awb-border-radius-top-left:0px;--awb-border-radius-top-right:0px;--awb-border-radius-bottom-right:0px;--awb-border-radius-bottom-left:0px;--awb-flex-wrap:wrap;\" ><div class=\"fusion-builder-row fusion-row fusion-flex-align-items-flex-start fusion-flex-content-wrap\" style=\"max-width:1248px;margin-left: calc(-4% \/ 2 );margin-right: calc(-4% \/ 2 );\"><div class=\"fusion-layout-column fusion_builder_column fusion-builder-column-0 fusion_builder_column_1_1 1_1 fusion-flex-column\" style=\"--awb-bg-size:cover;--awb-width-large:100%;--awb-margin-top-large:0px;--awb-spacing-right-large:1.92%;--awb-margin-bottom-large:10px;--awb-spacing-left-large:1.92%;--awb-width-medium:100%;--awb-order-medium:0;--awb-spacing-right-medium:1.92%;--awb-spacing-left-medium:1.92%;--awb-width-small:100%;--awb-order-small:0;--awb-spacing-right-small:1.92%;--awb-spacing-left-small:1.92%;\"><div class=\"fusion-column-wrapper fusion-column-has-shadow fusion-flex-justify-content-flex-start fusion-content-layout-column\"><div class=\"fusion-text fusion-text-1\"><p data-start=\"0\" data-end=\"1112\"><strong>El Mausoleo Metropolitano de Barcelona, una nueva forma de mantener vivo el recuerdo<\/strong><\/p>\n<p data-start=\"0\" data-end=\"1112\">El nuevo Mausoleo Metropolitano de Barcelona se erige como uno de los mausoleos m\u00e1s grandes de Europa. Este <a href=\"https:\/\/mausoleudebarcelona.com\/es\/\">nuevo espacio de columbarios<\/a> est\u00e1 ubicado en la Plaza Ferran Reyes, 2 de Barcelona y permite conservar las cenizas de los seres queridos en un entorno cercano y singular.<\/p>\n<p data-start=\"0\" data-end=\"1112\">Con m\u00e1s de 11.500 columbarios y una capacidad total para 16.000 urnas para cenizas, los columbarios del Mausoleo Metropolitano de Barcelona est\u00e1n disponibles en diferentes configuraciones para 1, 2, 4 y hasta 8 urnas, adaptadas a las necesidades y preferencias individuales. Cada columbario est\u00e1 fabricado con materiales de primera calidad y un dise\u00f1o elegante, asegurando durabilidad y respeto.<\/p>\n<p data-start=\"0\" data-end=\"1112\">Adem\u00e1s de los columbarios individuales y familiares, el Mausoleo ofrece una amplia gama de <a href=\"https:\/\/mausoleudebarcelona.com\/es\/servicios-funerarios\/\">servicios personalizados<\/a> para acompa\u00f1ar a las familias en el proceso de duelo: ceremonias conmemorativas adaptadas a las necesidades de cada familia, espacios de reflexi\u00f3n y descanso, y servicios de asesoramiento y acompa\u00f1amiento.<\/p>\n<p data-start=\"0\" data-end=\"1112\"><strong>Un tributo a la vida<\/strong><\/p>\n<p data-start=\"1114\" data-end=\"1654\">El Mausoleo cuenta con 12 <a href=\"https:\/\/mausoleudebarcelona.com\/es\/vitrales\/\">majestuosos vitrales<\/a>, obra del artista Alfons Oller, que representan las cuatro estaciones del a\u00f1o como met\u00e1fora del ciclo de la vida, creando un espacio de contemplaci\u00f3n y homenaje a las personas que nos han dejado. Un tributo a la vida y un recordatorio del paso del tiempo que invita a los visitantes a realizar un recorrido introspectivo y reflexivo: desde la vitalidad y los nuevos comienzos de la Primavera, hasta la serenidad del Invierno, pasando por la plenitud del Verano y la transformaci\u00f3n del Oto\u00f1o.<\/p>\n<p data-start=\"1656\" data-end=\"2102\">Los diferentes espacios del Mausoleo llevan el nombre de las estrellas m\u00e1s brillantes del Universo, creando un tapiz simb\u00f3lico que conecta con la infinitud del cosmos y invita a reflexionar sobre la trascendencia de la vida. Con su resplandor y su movimiento constante a trav\u00e9s de la noche, las estrellas nos recuerdan que todos formamos parte de una gran historia, perpetuando el recuerdo de nuestros seres queridos en un espacio de eternidad.<\/p>\n<p data-start=\"2104\" data-end=\"2330\" data-is-last-node=\"\" data-is-only-node=\"\">De esta manera, Vega es el resplandor que gu\u00eda y orienta, mientras que Rigel es el esplendor que ilumina la noche con su intensidad, Atria es la suavidad y la calidez de la luz y Navi, la gu\u00eda y la constancia en el firmamento.<\/p>\n<\/div><\/div><\/div><\/div><\/div>\n","protected":false},"excerpt":{"rendered":"","protected":false},"author":1,"featured_media":17214,"comment_status":"closed","ping_status":"closed","sticky":false,"template":"","format":"standard","meta":{"footnotes":""},"categories":[87,86,106],"tags":[],"class_list":["post-17220","post","type-post","status-publish","format-standard","has-post-thumbnail","hentry","category-el-final-de-la-vida-es","category-servicios-funerarios","category-firagran-es"],"_links":{"self":[{"href":"https:\/\/firagran.com\/es\/wp-json\/wp\/v2\/posts\/17220","targetHints":{"allow":["GET"]}}],"collection":[{"href":"https:\/\/firagran.com\/es\/wp-json\/wp\/v2\/posts"}],"about":[{"href":"https:\/\/firagran.com\/es\/wp-json\/wp\/v2\/types\/post"}],"author":[{"embeddable":true,"href":"https:\/\/firagran.com\/es\/wp-json\/wp\/v2\/users\/1"}],"replies":[{"embeddable":true,"href":"https:\/\/firagran.com\/es\/wp-json\/wp\/v2\/comments?post=17220"}],"version-history":[{"count":4,"href":"https:\/\/firagran.com\/es\/wp-json\/wp\/v2\/posts\/17220\/revisions"}],"predecessor-version":[{"id":17224,"href":"https:\/\/firagran.com\/es\/wp-json\/wp\/v2\/posts\/17220\/revisions\/17224"}],"wp:featuredmedia":[{"embeddable":true,"href":"https:\/\/firagran.com\/es\/wp-json\/wp\/v2\/media\/17214"}],"wp:attachment":[{"href":"https:\/\/firagran.com\/es\/wp-json\/wp\/v2\/media?parent=17220"}],"wp:term":[{"taxonomy":"category","embeddable":true,"href":"https:\/\/firagran.com\/es\/wp-json\/wp\/v2\/categories?post=17220"},{"taxonomy":"post_tag","embeddable":true,"href":"https:\/\/firagran.com\/es\/wp-json\/wp\/v2\/tags?post=17220"}],"curies":[{"name":"wp","href":"https:\/\/api.w.org\/{rel}","templated":true}]}}