{"id":17408,"date":"2025-04-29T12:32:14","date_gmt":"2025-04-29T10:32:14","guid":{"rendered":"https:\/\/firagran.com\/agora-de-la-gent-gran-per-aprendre-i-descobrir\/"},"modified":"2025-04-29T12:33:44","modified_gmt":"2025-04-29T10:33:44","slug":"agora-de-la-gent-gran-per-aprendre-i-descobrir","status":"publish","type":"post","link":"https:\/\/firagran.com\/es\/agora-de-la-gent-gran-per-aprendre-i-descobrir\/","title":{"rendered":"\u00c1gora de las Personas Mayores, para aprender y descubrir"},"content":{"rendered":"<div class=\"fusion-fullwidth fullwidth-box fusion-builder-row-1 fusion-flex-container nonhundred-percent-fullwidth non-hundred-percent-height-scrolling\" style=\"--awb-border-radius-top-left:0px;--awb-border-radius-top-right:0px;--awb-border-radius-bottom-right:0px;--awb-border-radius-bottom-left:0px;--awb-flex-wrap:wrap;\" ><div class=\"fusion-builder-row fusion-row fusion-flex-align-items-flex-start fusion-flex-content-wrap\" style=\"max-width:1248px;margin-left: calc(-4% \/ 2 );margin-right: calc(-4% \/ 2 );\"><div class=\"fusion-layout-column fusion_builder_column fusion-builder-column-0 fusion_builder_column_1_1 1_1 fusion-flex-column\" style=\"--awb-bg-size:cover;--awb-width-large:100%;--awb-margin-top-large:0px;--awb-spacing-right-large:1.92%;--awb-margin-bottom-large:0px;--awb-spacing-left-large:1.92%;--awb-width-medium:100%;--awb-spacing-right-medium:1.92%;--awb-spacing-left-medium:1.92%;--awb-width-small:100%;--awb-spacing-right-small:1.92%;--awb-spacing-left-small:1.92%;\"><div class=\"fusion-column-wrapper fusion-flex-justify-content-flex-start fusion-content-layout-column\"><div class=\"fusion-text fusion-text-1\"><p>Un a\u00f1o m\u00e1s, el <a href=\"https:\/\/firagran.com\/es\/salon-de-las-personas-mayores-de-cataluna\/agora-de-las-persona-mayores\/\"><strong>\u00c1gora de las Personas Mayores<\/strong><\/a> ser\u00e1 el espacio de debate y reflexi\u00f3n con talleres, conferencias y charlas sobre temas clave como la calidad de vida, la salud, la prevenci\u00f3n de incendios o la meditaci\u00f3n.<\/p>\n<p>Por ejemplo, se podr\u00e1 conocer el \u201cpoder\u201d de la <strong>Risoterapia<\/strong> con Aura Arroyo (mi\u00e9rcoles 7, 11 h); descubrir la App contra la soledad <strong>Connect\u2019App<\/strong> (mi\u00e9rcoles 7, 13 h); asistir a la presentaci\u00f3n del proyecto <em><strong>Traspasando Muros<\/strong><\/em> (mi\u00e9rcoles 7, 17 h), una iniciativa intergeneracional de la <a href=\"https:\/\/fundaciosetba.org\" target=\"_blank\" rel=\"noopener\"><strong>Fundaci\u00f3 Setba<\/strong><\/a> que, desde 2018, utiliza el arte comunitario como veh\u00edculo de transformaci\u00f3n personal y social en centros de justicia juvenil; o conocer los beneficios para la salud de la pr\u00e1ctica del ajedrez (jueves 8, 18:15 h), entre muchos otros.<\/p>\n<p>Este espacio tambi\u00e9n ser\u00e1 el escenario para la presentaci\u00f3n de la celebraci\u00f3n del <strong>D\u00eda Internacional de las Personas Mayores del 1 de octubre<\/strong> (viernes 9, 13 h).<\/p>\n<\/div><\/div><\/div><\/div><\/div>\n","protected":false},"excerpt":{"rendered":"<p>Un a\u00f1o m\u00e1s, el \u00c1gora de las Personas Mayores ser\u00e1 el espacio de debate y reflexi\u00f3n con talleres, conferencias y charlas sobre temas clave.<\/p>\n","protected":false},"author":1,"featured_media":17385,"comment_status":"closed","ping_status":"closed","sticky":false,"template":"","format":"standard","meta":{"footnotes":""},"categories":[106],"tags":[],"class_list":["post-17408","post","type-post","status-publish","format-standard","has-post-thumbnail","hentry","category-firagran-es"],"_links":{"self":[{"href":"https:\/\/firagran.com\/es\/wp-json\/wp\/v2\/posts\/17408","targetHints":{"allow":["GET"]}}],"collection":[{"href":"https:\/\/firagran.com\/es\/wp-json\/wp\/v2\/posts"}],"about":[{"href":"https:\/\/firagran.com\/es\/wp-json\/wp\/v2\/types\/post"}],"author":[{"embeddable":true,"href":"https:\/\/firagran.com\/es\/wp-json\/wp\/v2\/users\/1"}],"replies":[{"embeddable":true,"href":"https:\/\/firagran.com\/es\/wp-json\/wp\/v2\/comments?post=17408"}],"version-history":[{"count":1,"href":"https:\/\/firagran.com\/es\/wp-json\/wp\/v2\/posts\/17408\/revisions"}],"predecessor-version":[{"id":17409,"href":"https:\/\/firagran.com\/es\/wp-json\/wp\/v2\/posts\/17408\/revisions\/17409"}],"wp:featuredmedia":[{"embeddable":true,"href":"https:\/\/firagran.com\/es\/wp-json\/wp\/v2\/media\/17385"}],"wp:attachment":[{"href":"https:\/\/firagran.com\/es\/wp-json\/wp\/v2\/media?parent=17408"}],"wp:term":[{"taxonomy":"category","embeddable":true,"href":"https:\/\/firagran.com\/es\/wp-json\/wp\/v2\/categories?post=17408"},{"taxonomy":"post_tag","embeddable":true,"href":"https:\/\/firagran.com\/es\/wp-json\/wp\/v2\/tags?post=17408"}],"curies":[{"name":"wp","href":"https:\/\/api.w.org\/{rel}","templated":true}]}}