{"id":17754,"date":"2026-03-12T12:44:46","date_gmt":"2026-03-12T11:44:46","guid":{"rendered":"https:\/\/firagran.com\/fundacio-firagran-impulsa-veus-de-primavera-la-nova-trobada-per-a-directors-i-cantaires\/"},"modified":"2026-03-12T12:45:44","modified_gmt":"2026-03-12T11:45:44","slug":"fundacio-firagran-impulsa-veus-de-primavera-el-nuevo-encuentro-para-directores-y-cantores","status":"publish","type":"post","link":"https:\/\/firagran.com\/es\/fundacio-firagran-impulsa-veus-de-primavera-el-nuevo-encuentro-para-directores-y-cantores\/","title":{"rendered":"Fundaci\u00f3 FiraGran impulsa \u2018Veus de Primavera\u2019, el nuevo encuentro para directores y cantores"},"content":{"rendered":"<div class=\"fusion-fullwidth fullwidth-box fusion-builder-row-1 fusion-flex-container nonhundred-percent-fullwidth non-hundred-percent-height-scrolling\" style=\"--awb-border-radius-top-left:0px;--awb-border-radius-top-right:0px;--awb-border-radius-bottom-right:0px;--awb-border-radius-bottom-left:0px;--awb-flex-wrap:wrap;\" ><div class=\"fusion-builder-row fusion-row fusion-flex-align-items-flex-start fusion-flex-content-wrap\" style=\"max-width:1248px;margin-left: calc(-4% \/ 2 );margin-right: calc(-4% \/ 2 );\"><div class=\"fusion-layout-column fusion_builder_column fusion-builder-column-0 fusion_builder_column_1_1 1_1 fusion-flex-column\" style=\"--awb-bg-size:cover;--awb-width-large:100%;--awb-margin-top-large:0px;--awb-spacing-right-large:1.92%;--awb-margin-bottom-large:0px;--awb-spacing-left-large:1.92%;--awb-width-medium:100%;--awb-spacing-right-medium:1.92%;--awb-spacing-left-medium:1.92%;--awb-width-small:100%;--awb-spacing-right-small:1.92%;--awb-spacing-left-small:1.92%;\"><div class=\"fusion-column-wrapper fusion-flex-justify-content-flex-start fusion-content-layout-column\"><div class=\"fusion-text fusion-text-1\"><p>Este a\u00f1o, la <strong>Fundaci\u00f3n FiraGran<\/strong> impulsa<strong> &#8220;Veus de Primavera&#8221;,<\/strong> un nuevo encuentro para directores y cantores de corales de personas mayores de Catalunya. Este evento, que se concibe desde un punto de vista did\u00e1ctico, pondr\u00e1 el foco en las voces maduras y todas sus posibilidades, y se presentar\u00e1 como espacio para la reflexi\u00f3n sobre din\u00e1micas de ensayo eficientes y adaptadas.<\/p>\n<p>Durante este encuentro, que tendr\u00e1 lugar el 21 de marzo en el anfiteatro del Orfe\u00f3 Gracienc, se celebrar\u00e1n talleres pr\u00e1cticos de direcci\u00f3n y t\u00e9cnica vocal, dirigidos tanto a cantores como a directores de corales de personas mayores que buscan actualizar su metodolog\u00eda. Inscripciones, antes del 17 de marzo, <a href=\"https:\/\/docs.google.com\/forms\/d\/e\/1FAIpQLScK9K6JaaplavqMAG4GMrK098kLlyjWQ4m7GOdZxH5jjSwCqw\/viewform\" target=\"_blank\" rel=\"noopener\"><strong>siguiendo este enlace<\/strong><\/a>.<\/p>\n<p>Cabe recordar que, desde FiraGran sentimos una gran sensibilidad por el canto coral. No en vano, el Sal\u00f3n alberga cada a\u00f1o el <a href=\"https:\/\/firagran.com\/es\/salon-de-las-personas-mayores-de-cataluna\/festival-de-corales\/\"><strong>Festival de Corales de Personas Mayores de Catalunya<\/strong><\/a><strong>. <\/strong>En esta ocasi\u00f3n, la XVII edici\u00f3n de este certamen se celebrar\u00e1 los d\u00edas 28 y 29 de mayo en la Farga de L\u2019Hospitalet. Un encuentro que es mucho m\u00e1s que una exhibici\u00f3n musical: es un espacio de emoci\u00f3n, participaci\u00f3n y convivencia, en el que corales formadas por personas mayores de toda Catalunya comparten su pasi\u00f3n por el canto y celebran la vida activa a trav\u00e9s de la m\u00fasica.<\/p>\n<\/div><\/div><\/div><\/div><\/div>\n","protected":false},"excerpt":{"rendered":"<p>Este a\u00f1o, la Fundaci\u00f3n FiraGran impulsa &#8220;Veus de Primavera&#8221;, un nuevo encuentro para directores y cantores de corales de personas mayores de Catalunya. <\/p>\n","protected":false},"author":1,"featured_media":17750,"comment_status":"closed","ping_status":"closed","sticky":false,"template":"","format":"standard","meta":{"footnotes":""},"categories":[106],"tags":[],"class_list":["post-17754","post","type-post","status-publish","format-standard","has-post-thumbnail","hentry","category-firagran-es"],"_links":{"self":[{"href":"https:\/\/firagran.com\/es\/wp-json\/wp\/v2\/posts\/17754","targetHints":{"allow":["GET"]}}],"collection":[{"href":"https:\/\/firagran.com\/es\/wp-json\/wp\/v2\/posts"}],"about":[{"href":"https:\/\/firagran.com\/es\/wp-json\/wp\/v2\/types\/post"}],"author":[{"embeddable":true,"href":"https:\/\/firagran.com\/es\/wp-json\/wp\/v2\/users\/1"}],"replies":[{"embeddable":true,"href":"https:\/\/firagran.com\/es\/wp-json\/wp\/v2\/comments?post=17754"}],"version-history":[{"count":1,"href":"https:\/\/firagran.com\/es\/wp-json\/wp\/v2\/posts\/17754\/revisions"}],"predecessor-version":[{"id":17755,"href":"https:\/\/firagran.com\/es\/wp-json\/wp\/v2\/posts\/17754\/revisions\/17755"}],"wp:featuredmedia":[{"embeddable":true,"href":"https:\/\/firagran.com\/es\/wp-json\/wp\/v2\/media\/17750"}],"wp:attachment":[{"href":"https:\/\/firagran.com\/es\/wp-json\/wp\/v2\/media?parent=17754"}],"wp:term":[{"taxonomy":"category","embeddable":true,"href":"https:\/\/firagran.com\/es\/wp-json\/wp\/v2\/categories?post=17754"},{"taxonomy":"post_tag","embeddable":true,"href":"https:\/\/firagran.com\/es\/wp-json\/wp\/v2\/tags?post=17754"}],"curies":[{"name":"wp","href":"https:\/\/api.w.org\/{rel}","templated":true}]}}