{"id":17758,"date":"2026-03-12T12:50:07","date_gmt":"2026-03-12T11:50:07","guid":{"rendered":"https:\/\/firagran.com\/firagran-2026-dedicara-dues-jornades-al-concurs-de-ball-en-linia-per-a-persones-grans\/"},"modified":"2026-03-12T12:51:19","modified_gmt":"2026-03-12T11:51:19","slug":"firagran-2026-dedicara-dos-jornadas-al-concurso-de-baile-en-linea-para-personas-mayores","status":"publish","type":"post","link":"https:\/\/firagran.com\/es\/firagran-2026-dedicara-dos-jornadas-al-concurso-de-baile-en-linea-para-personas-mayores\/","title":{"rendered":"FiraGran 2026 dedicar\u00e1 dos jornadas al Concurso de Baile en L\u00ednea para Personas Mayores"},"content":{"rendered":"<div class=\"fusion-fullwidth fullwidth-box fusion-builder-row-1 fusion-flex-container nonhundred-percent-fullwidth non-hundred-percent-height-scrolling\" style=\"--awb-border-radius-top-left:0px;--awb-border-radius-top-right:0px;--awb-border-radius-bottom-right:0px;--awb-border-radius-bottom-left:0px;--awb-flex-wrap:wrap;\" ><div class=\"fusion-builder-row fusion-row fusion-flex-align-items-flex-start fusion-flex-content-wrap\" style=\"max-width:1248px;margin-left: calc(-4% \/ 2 );margin-right: calc(-4% \/ 2 );\"><div class=\"fusion-layout-column fusion_builder_column fusion-builder-column-0 fusion_builder_column_1_1 1_1 fusion-flex-column\" style=\"--awb-bg-size:cover;--awb-width-large:100%;--awb-margin-top-large:0px;--awb-spacing-right-large:1.92%;--awb-margin-bottom-large:0px;--awb-spacing-left-large:1.92%;--awb-width-medium:100%;--awb-spacing-right-medium:1.92%;--awb-spacing-left-medium:1.92%;--awb-width-small:100%;--awb-spacing-right-small:1.92%;--awb-spacing-left-small:1.92%;\"><div class=\"fusion-column-wrapper fusion-flex-justify-content-flex-start fusion-content-layout-column\"><div class=\"fusion-text fusion-text-1\"><p>La m\u00fasica y el movimiento ser\u00e1n grandes protagonistas en<strong> FiraGran 2026, <\/strong>si cabe, m\u00e1s que en otras ediciones. Y es que, este a\u00f1o, gracias al \u00e9xito de ediciones anteriores, el <strong>Concurso de Baile en L\u00ednea para Personas Mayores<\/strong> se celebrar\u00e1 <strong>durante dos d\u00edas<\/strong>, el <strong>27 y el 28 de mayo<\/strong>.<\/p>\n<p>M\u00e1s all\u00e1 de la competici\u00f3n, este concurso quiere ser una gran fiesta del movimiento, la alegr\u00eda y la amistad, donde lo que m\u00e1s importa es compartir ritmo, energ\u00eda y diversi\u00f3n con otros grupos. Porque, como ya qued\u00f3 claro en ediciones anteriores, aqu\u00ed \u201cgana quien m\u00e1s disfruta\u201d, algo que se celebra tanto en el escenario como entre los espectadores.<\/p>\n<p>Participar es sencillo y divertido: cada grupo, formado por un m\u00ednimo de 10 y un m\u00e1ximo de 25 personas, puede presentar dos o tres coreograf\u00edas de baile en l\u00ednea, con un tiempo de actuaci\u00f3n de hasta 15 minutos. No hay rondas eliminatorias ni clasificaciones: al finalizar todas las actuaciones se reconocer\u00e1 con premios especiales de diferentes categor\u00edas, como el premio a la coordinaci\u00f3n perfecta, a la energ\u00eda contagiosa, a la actuaci\u00f3n m\u00e1s divertida o a la mejor vestimenta, entre otros.<\/p>\n<p>As\u00ed que, entre m\u00fasica, pasos y sonrisas, el <strong>Concurso de Baile en L\u00ednea<\/strong> se perfila este a\u00f1o como una de las actividades m\u00e1s animadas y esperadas de FiraGran 2026. Desde la organizaci\u00f3n os invitamos a sumaros al ritmo y a celebrar la vida activa.<\/p>\n<p><strong>Inscripciones, <a href=\"https:\/\/firagran.com\/es\/salon-de-las-personas-mayores-de-cataluna\/concurso-de-baile-en-linea-para-personas-mayores\/\">aqu\u00ed<\/a>.<\/strong><\/p>\n<\/div><\/div><\/div><\/div><\/div>\n","protected":false},"excerpt":{"rendered":"<p>Este a\u00f1o, gracias al \u00e9xito de ediciones anteriores, el Concurso de Baile en L\u00ednea para Personas Mayores se celebrar\u00e1 durante dos d\u00edas, el 27 y el 28 de mayo.<\/p>\n","protected":false},"author":1,"featured_media":17742,"comment_status":"closed","ping_status":"closed","sticky":false,"template":"","format":"standard","meta":{"footnotes":""},"categories":[106],"tags":[],"class_list":["post-17758","post","type-post","status-publish","format-standard","has-post-thumbnail","hentry","category-firagran-es"],"_links":{"self":[{"href":"https:\/\/firagran.com\/es\/wp-json\/wp\/v2\/posts\/17758","targetHints":{"allow":["GET"]}}],"collection":[{"href":"https:\/\/firagran.com\/es\/wp-json\/wp\/v2\/posts"}],"about":[{"href":"https:\/\/firagran.com\/es\/wp-json\/wp\/v2\/types\/post"}],"author":[{"embeddable":true,"href":"https:\/\/firagran.com\/es\/wp-json\/wp\/v2\/users\/1"}],"replies":[{"embeddable":true,"href":"https:\/\/firagran.com\/es\/wp-json\/wp\/v2\/comments?post=17758"}],"version-history":[{"count":1,"href":"https:\/\/firagran.com\/es\/wp-json\/wp\/v2\/posts\/17758\/revisions"}],"predecessor-version":[{"id":17759,"href":"https:\/\/firagran.com\/es\/wp-json\/wp\/v2\/posts\/17758\/revisions\/17759"}],"wp:featuredmedia":[{"embeddable":true,"href":"https:\/\/firagran.com\/es\/wp-json\/wp\/v2\/media\/17742"}],"wp:attachment":[{"href":"https:\/\/firagran.com\/es\/wp-json\/wp\/v2\/media?parent=17758"}],"wp:term":[{"taxonomy":"category","embeddable":true,"href":"https:\/\/firagran.com\/es\/wp-json\/wp\/v2\/categories?post=17758"},{"taxonomy":"post_tag","embeddable":true,"href":"https:\/\/firagran.com\/es\/wp-json\/wp\/v2\/tags?post=17758"}],"curies":[{"name":"wp","href":"https:\/\/api.w.org\/{rel}","templated":true}]}}