{"id":17778,"date":"2026-03-12T13:06:39","date_gmt":"2026-03-12T12:06:39","guid":{"rendered":"https:\/\/firagran.com\/firagran-2026-estrena-nova-imatge\/"},"modified":"2026-03-12T13:09:29","modified_gmt":"2026-03-12T12:09:29","slug":"firagran-2026-estrena-nueva-imagen","status":"publish","type":"post","link":"https:\/\/firagran.com\/es\/firagran-2026-estrena-nueva-imagen\/","title":{"rendered":"FiraGran 2026 estrena nueva imagen"},"content":{"rendered":"<div class=\"fusion-fullwidth fullwidth-box fusion-builder-row-1 fusion-flex-container nonhundred-percent-fullwidth non-hundred-percent-height-scrolling\" style=\"--awb-border-radius-top-left:0px;--awb-border-radius-top-right:0px;--awb-border-radius-bottom-right:0px;--awb-border-radius-bottom-left:0px;--awb-flex-wrap:wrap;\" ><div class=\"fusion-builder-row fusion-row fusion-flex-align-items-flex-start fusion-flex-content-wrap\" style=\"max-width:1248px;margin-left: calc(-4% \/ 2 );margin-right: calc(-4% \/ 2 );\"><div class=\"fusion-layout-column fusion_builder_column fusion-builder-column-0 fusion_builder_column_1_1 1_1 fusion-flex-column\" style=\"--awb-bg-size:cover;--awb-width-large:100%;--awb-margin-top-large:0px;--awb-spacing-right-large:1.92%;--awb-margin-bottom-large:0px;--awb-spacing-left-large:1.92%;--awb-width-medium:100%;--awb-spacing-right-medium:1.92%;--awb-spacing-left-medium:1.92%;--awb-width-small:100%;--awb-spacing-right-small:1.92%;--awb-spacing-left-small:1.92%;\"><div class=\"fusion-column-wrapper fusion-flex-justify-content-flex-start fusion-content-layout-column\"><div class=\"fusion-text fusion-text-1\"><p>Nueva edici\u00f3n, nueva imagen.<strong> FiraGran,<\/strong> que celebra del 27 al 29 de mayo de 2026 en La Farga de L\u2019Hospitalet su 27\u00aa edici\u00f3n, estrena nueva imagen y en esta ocasi\u00f3n con m\u00e1s fuerza, energ\u00eda y optimismo que nunca. Porque con la nueva imagen se quiere expresar lo que es el <strong>Sal\u00f3n de las Personas Mayores de Catalunya<\/strong>: un evento activo, inclusivo, participativo y en crecimiento, pensado para personas mayores alegres, positivas y con ganas de participar y de disfrutar.<\/p>\n<p>Creada por el dise\u00f1ador <strong>Jordi Bistagne,<\/strong> la nueva gr\u00e1fica parte de un juego con la palabra \u201cgran\u201d: por un lado, hace referencia a la gente mayor, y por otro, al significado de algo \u201cgrande\u201d. Bajo el lema \u201c\u00a1Juntos, hacemos la feria m\u00e1s grande!\u201d, se reivindica que esta edici\u00f3n ser\u00e1 la m\u00e1s amplia y participativa hasta la fecha, tanto en alcance como en impacto. El mensaje funciona, adem\u00e1s, en doble sentido: \u201chacer la feria m\u00e1s grande y celebrar a las personas \u201cgrans\u201d (mayores en castellano).<\/p>\n<p>En el centro del cartel aparecen dos personas mayores levantando un cartel con este lema, un gesto cargado de simbolismo: orgullo, implicaci\u00f3n y protagonismo. Una representaci\u00f3n que subraya uno de los valores principales del sal\u00f3n: que las personas mayores no son espectadores, sino agentes activos en la construcci\u00f3n de su propio rol en la sociedad y en la vida comunitaria.<\/p>\n<p>As\u00ed, la postura de los personajes, alegre y en movimiento, rompe con los estereotipos asociados a la edad y conecta con el esp\u00edritu de envejecimiento activo y participaci\u00f3n que promueve FiraGran.<\/p>\n<p><em>\u201cNo se trata de una representaci\u00f3n realista, sino amable y optimista, que busca generar identificaci\u00f3n y simpat\u00eda\u201d<\/em>, a\u00f1ade Jordi Bistagne.<\/p>\n<\/div><div class=\"fusion-image-element \" style=\"text-align:center;--awb-max-width:550px;--awb-caption-title-font-family:var(--h2_typography-font-family);--awb-caption-title-font-weight:var(--h2_typography-font-weight);--awb-caption-title-font-style:var(--h2_typography-font-style);--awb-caption-title-size:var(--h2_typography-font-size);--awb-caption-title-transform:var(--h2_typography-text-transform);--awb-caption-title-line-height:var(--h2_typography-line-height);--awb-caption-title-letter-spacing:var(--h2_typography-letter-spacing);\"><span class=\" fusion-imageframe imageframe-none imageframe-1 hover-type-none\"><a href=\"https:\/\/firagran.com\/wp-content\/uploads\/fg2026_news_nova_imatge_cartell.jpg\" class=\"fusion-lightbox\" data-rel=\"iLightbox[17af3fd6357ab116af8]\" data-title=\"fg2026_news_nova_imatge_cartell\" title=\"fg2026_news_nova_imatge_cartell\"><img decoding=\"async\" width=\"842\" height=\"1191\" src=\"https:\/\/firagran.com\/wp-content\/uploads\/fg2026_news_nova_imatge_cartell.jpg\" alt class=\"img-responsive wp-image-17744\" srcset=\"https:\/\/firagran.com\/wp-content\/uploads\/fg2026_news_nova_imatge_cartell-200x283.jpg 200w, https:\/\/firagran.com\/wp-content\/uploads\/fg2026_news_nova_imatge_cartell-400x566.jpg 400w, https:\/\/firagran.com\/wp-content\/uploads\/fg2026_news_nova_imatge_cartell-600x849.jpg 600w, https:\/\/firagran.com\/wp-content\/uploads\/fg2026_news_nova_imatge_cartell-800x1132.jpg 800w, https:\/\/firagran.com\/wp-content\/uploads\/fg2026_news_nova_imatge_cartell.jpg 842w\" sizes=\"(max-width: 1024px) 100vw, (max-width: 640px) 100vw, 842px\" \/><\/a><\/span><\/div><\/div><\/div><\/div><\/div>\n","protected":false},"excerpt":{"rendered":"<p>Nueva edici\u00f3n, nueva imagen. FiraGran, que celebra del 27 al 29 de mayo de 2026 en La Farga de L\u2019Hospitalet su 27\u00aa edici\u00f3n, estrena nueva imagen y en esta ocasi\u00f3n con m\u00e1s fuerza, energ\u00eda y optimismo que nunca. <\/p>\n","protected":false},"author":1,"featured_media":17746,"comment_status":"closed","ping_status":"closed","sticky":false,"template":"","format":"standard","meta":{"footnotes":""},"categories":[28],"tags":[],"class_list":["post-17778","post","type-post","status-publish","format-standard","has-post-thumbnail","hentry","category-general-es"],"_links":{"self":[{"href":"https:\/\/firagran.com\/es\/wp-json\/wp\/v2\/posts\/17778","targetHints":{"allow":["GET"]}}],"collection":[{"href":"https:\/\/firagran.com\/es\/wp-json\/wp\/v2\/posts"}],"about":[{"href":"https:\/\/firagran.com\/es\/wp-json\/wp\/v2\/types\/post"}],"author":[{"embeddable":true,"href":"https:\/\/firagran.com\/es\/wp-json\/wp\/v2\/users\/1"}],"replies":[{"embeddable":true,"href":"https:\/\/firagran.com\/es\/wp-json\/wp\/v2\/comments?post=17778"}],"version-history":[{"count":2,"href":"https:\/\/firagran.com\/es\/wp-json\/wp\/v2\/posts\/17778\/revisions"}],"predecessor-version":[{"id":17780,"href":"https:\/\/firagran.com\/es\/wp-json\/wp\/v2\/posts\/17778\/revisions\/17780"}],"wp:featuredmedia":[{"embeddable":true,"href":"https:\/\/firagran.com\/es\/wp-json\/wp\/v2\/media\/17746"}],"wp:attachment":[{"href":"https:\/\/firagran.com\/es\/wp-json\/wp\/v2\/media?parent=17778"}],"wp:term":[{"taxonomy":"category","embeddable":true,"href":"https:\/\/firagran.com\/es\/wp-json\/wp\/v2\/categories?post=17778"},{"taxonomy":"post_tag","embeddable":true,"href":"https:\/\/firagran.com\/es\/wp-json\/wp\/v2\/tags?post=17778"}],"curies":[{"name":"wp","href":"https:\/\/api.w.org\/{rel}","templated":true}]}}