{"id":17788,"date":"2026-03-12T17:14:26","date_gmt":"2026-03-12T16:14:26","guid":{"rendered":"https:\/\/firagran.com\/?p=17788"},"modified":"2026-03-12T17:14:26","modified_gmt":"2026-03-12T16:14:26","slug":"fundacio-firagran-presenta-el-nuevo-webinar-vivir-activamente-ser-voluntario-a-con-colaboracion-de-la-fcvs","status":"publish","type":"post","link":"https:\/\/firagran.com\/es\/fundacio-firagran-presenta-el-nuevo-webinar-vivir-activamente-ser-voluntario-a-con-colaboracion-de-la-fcvs\/","title":{"rendered":"Fundaci\u00f3 FiraGran presenta el nuevo webinar: \u201cVivir activamente: ser voluntario\/a\u201d con colaboraci\u00f3n de la FCVS"},"content":{"rendered":"<p data-path-to-node=\"1\">Fundaci\u00f3 FiraGran sigue apostando por el envejecimiento activo y la implicaci\u00f3n social con la organizaci\u00f3n de una nueva videoconferencia gratuita que tendr\u00e1 lugar el pr\u00f3ximo <strong>martes 24 de marzo a las 16:30h<\/strong>. Bajo el t\u00edtulo <strong>&#8220;Vivir activamente: ser voluntario\/a&#8221;<\/strong>, esta sesi\u00f3n pretende ser un punto de reflexi\u00f3n sobre c\u00f3mo el compromiso c\u00edvico puede transformar tanto el entorno como la propia vivencia personal de quien lo practica.<\/p>\n<p data-path-to-node=\"2\">&#x1f449; <a href=\"https:\/\/forms.gle\/1Vvwi7XUFhqVPFSf8\">INSCRIPCIONES AL WEBINAR<\/a> &#x1f448;<\/p>\n<p data-path-to-node=\"3\">Para esta ocasi\u00f3n, contaremos con la presencia de <strong>N\u00faria Monsalve<\/strong>, t\u00e9cnica territorial de Barcelona de la Federaci\u00f3n Catalana de Voluntariado Social (FCVS). Con una trayectoria de m\u00e1s de 10 a\u00f1os en el acompa\u00f1amiento y la dinamizaci\u00f3n de entidades, N\u00faria aportar\u00e1 su pericia en el impulso de proyectos que buscan fortalecer el tejido asociativo y la participaci\u00f3n ciudadana. Durante la charla, se analizar\u00e1n las diversas formas de voluntariado y los beneficios de mantenerse socialmente vinculado a trav\u00e9s de proyectos solidarios.<\/p>\n<p data-path-to-node=\"4\"><strong>\u00a1No te quedes sin tu plaza e inscr\u00edbete ya!<\/strong><\/p>\n","protected":false},"excerpt":{"rendered":"<p>Fundaci\u00f3 FiraGran sigue apostando por el envejecimiento activo y la implicaci\u00f3n social con la organizaci\u00f3n de una nueva videoconferencia gratuita que tendr\u00e1 lugar el pr\u00f3ximo martes 24 de marzo a las 16:30h. Bajo el t\u00edtulo <a href=\"https:\/\/firagran.com\/es\/fundacio-firagran-presenta-el-nuevo-webinar-vivir-activamente-ser-voluntario-a-con-colaboracion-de-la-fcvs\/\"> [&#8230;]<\/a><\/p>\n","protected":false},"author":1,"featured_media":0,"comment_status":"closed","ping_status":"closed","sticky":false,"template":"","format":"standard","meta":{"footnotes":""},"categories":[75,78,28],"tags":[],"class_list":["post-17788","post","type-post","status-publish","format-standard","hentry","category-envejecimiento-activo","category-formacion","category-general-es"],"_links":{"self":[{"href":"https:\/\/firagran.com\/es\/wp-json\/wp\/v2\/posts\/17788","targetHints":{"allow":["GET"]}}],"collection":[{"href":"https:\/\/firagran.com\/es\/wp-json\/wp\/v2\/posts"}],"about":[{"href":"https:\/\/firagran.com\/es\/wp-json\/wp\/v2\/types\/post"}],"author":[{"embeddable":true,"href":"https:\/\/firagran.com\/es\/wp-json\/wp\/v2\/users\/1"}],"replies":[{"embeddable":true,"href":"https:\/\/firagran.com\/es\/wp-json\/wp\/v2\/comments?post=17788"}],"version-history":[{"count":2,"href":"https:\/\/firagran.com\/es\/wp-json\/wp\/v2\/posts\/17788\/revisions"}],"predecessor-version":[{"id":17792,"href":"https:\/\/firagran.com\/es\/wp-json\/wp\/v2\/posts\/17788\/revisions\/17792"}],"wp:attachment":[{"href":"https:\/\/firagran.com\/es\/wp-json\/wp\/v2\/media?parent=17788"}],"wp:term":[{"taxonomy":"category","embeddable":true,"href":"https:\/\/firagran.com\/es\/wp-json\/wp\/v2\/categories?post=17788"},{"taxonomy":"post_tag","embeddable":true,"href":"https:\/\/firagran.com\/es\/wp-json\/wp\/v2\/tags?post=17788"}],"curies":[{"name":"wp","href":"https:\/\/api.w.org\/{rel}","templated":true}]}}