{"id":17909,"date":"2026-04-27T10:08:46","date_gmt":"2026-04-27T08:08:46","guid":{"rendered":"https:\/\/firagran.com\/?p=17909"},"modified":"2026-04-27T10:08:46","modified_gmt":"2026-04-27T08:08:46","slug":"luis-del-olmo-y-begona-del-pueyo-protagonistas-del-dialogo-sobre-la-vejez-de-firagran-2026","status":"publish","type":"post","link":"https:\/\/firagran.com\/es\/luis-del-olmo-y-begona-del-pueyo-protagonistas-del-dialogo-sobre-la-vejez-de-firagran-2026\/","title":{"rendered":"Luis del Olmo y Bego\u00f1a del Pueyo, \u2018Protagonistas\u2019 del Di\u00e1logo sobre la vejez de FiraGran 2026"},"content":{"rendered":"<p>El pr\u00f3ximo 29 de mayo (17h) se vivir\u00e1 en el Auditorio de La Farga de L\u2019Hospitalet un reencuentro emotivo y memorable: el del periodista radiof\u00f3nico <strong>Luis del Olmo <\/strong>y su mano derecha y amiga, <strong>Bego\u00f1a del Pueyo. <\/strong>Dos de las figuras de la historia del periodismo que este a\u00f1o protagonizar\u00e1n el <strong>Di\u00e1logo sobre la vejez de FiraGran 2026.<\/strong><\/p>\n<p>Bajo el t\u00edtulo <strong>\u201c50 a\u00f1os de radio con Protagonistas\u201d<\/strong>, Del Olmo y Del Pueyo llevar\u00e1n hasta FiraGran una intensa y nutritiva conversaci\u00f3n sobre cinco d\u00e9cadas de radio y lo har\u00e1n no solo desde su punto de vista como grandes profesionales del medio, sino tambi\u00e9n como referentes de la opini\u00f3n y del an\u00e1lisis cr\u00edtico y human\u00edstico de nuestra sociedad. Dos voces y una misma sinton\u00eda que, sin duda, ser\u00e1 uno de los momentos m\u00e1s destacados de esta nueva edici\u00f3n de FiraGran.<\/p>\n<p><strong>Luis del Olmo (Ponferrada, 1937) <\/strong>es toda una instituci\u00f3n en el mundo period\u00edstico estatal, una de las voces que han acompa\u00f1ado a varias generaciones, creador del emblem\u00e1tico programa \u201cProtagonistas\u201d, el magazine radiof\u00f3nico m\u00e1s longevo de la radio espa\u00f1ola, y cofundador y patrono de entidades como Proyecto Hombre. Pero Del Olmo es mucho m\u00e1s que un comunicador, es un observador de la sociedad y del paso del tiempo.<\/p>\n<p><strong>Bego\u00f1a del Pueyo (La Pobla de Segur, 1947)<\/strong>, que trabaj\u00f3 durante a\u00f1os junto a Del Olmo en el m\u00edtico programa \u201cProtagonistas\u201d, ha desarrollado buena parte de su carrera enfocada en temas sociales, especialmente en el \u00e1mbito de la actualidad comprometida y humana, en la sensibilizaci\u00f3n y la prevenci\u00f3n. Una voz experta que aportar\u00e1 contexto y profundidad al Di\u00e1logo sobre la vejez del pr\u00f3ximo 29 de mayo.<\/p>\n<p>Para ser testigo de esta nueva edici\u00f3n del <strong>Di\u00e1logo sobre la Vejez <\/strong>es necesaria inscripci\u00f3n previa,<strong> que se puede realizar <a href=\"https:\/\/firagran.com\/es\/salon-de-las-personas-mayores-de-cataluna\/dialogo-firagran-sobre-la-vejez\/\">aqu\u00ed<\/a>.<\/strong><\/p>\n","protected":false},"excerpt":{"rendered":"<p>El pr\u00f3ximo 29 de mayo (17h) se vivir\u00e1 en el Auditorio de La Farga de L\u2019Hospitalet un reencuentro emotivo y memorable: el del periodista radiof\u00f3nico Luis del Olmo y su mano derecha y amiga, Bego\u00f1a del Pueyo. Dos de las figuras de la historia del periodismo que este a\u00f1o protagonizar\u00e1n el Di\u00e1logo sobre la vejez de FiraGran 2026.<\/p>\n","protected":false},"author":1,"featured_media":17905,"comment_status":"closed","ping_status":"closed","sticky":false,"template":"","format":"standard","meta":{"footnotes":""},"categories":[106],"tags":[],"class_list":["post-17909","post","type-post","status-publish","format-standard","has-post-thumbnail","hentry","category-firagran-es"],"_links":{"self":[{"href":"https:\/\/firagran.com\/es\/wp-json\/wp\/v2\/posts\/17909","targetHints":{"allow":["GET"]}}],"collection":[{"href":"https:\/\/firagran.com\/es\/wp-json\/wp\/v2\/posts"}],"about":[{"href":"https:\/\/firagran.com\/es\/wp-json\/wp\/v2\/types\/post"}],"author":[{"embeddable":true,"href":"https:\/\/firagran.com\/es\/wp-json\/wp\/v2\/users\/1"}],"replies":[{"embeddable":true,"href":"https:\/\/firagran.com\/es\/wp-json\/wp\/v2\/comments?post=17909"}],"version-history":[{"count":1,"href":"https:\/\/firagran.com\/es\/wp-json\/wp\/v2\/posts\/17909\/revisions"}],"predecessor-version":[{"id":17910,"href":"https:\/\/firagran.com\/es\/wp-json\/wp\/v2\/posts\/17909\/revisions\/17910"}],"wp:featuredmedia":[{"embeddable":true,"href":"https:\/\/firagran.com\/es\/wp-json\/wp\/v2\/media\/17905"}],"wp:attachment":[{"href":"https:\/\/firagran.com\/es\/wp-json\/wp\/v2\/media?parent=17909"}],"wp:term":[{"taxonomy":"category","embeddable":true,"href":"https:\/\/firagran.com\/es\/wp-json\/wp\/v2\/categories?post=17909"},{"taxonomy":"post_tag","embeddable":true,"href":"https:\/\/firagran.com\/es\/wp-json\/wp\/v2\/tags?post=17909"}],"curies":[{"name":"wp","href":"https:\/\/api.w.org\/{rel}","templated":true}]}}