{"id":17919,"date":"2026-04-27T10:22:49","date_gmt":"2026-04-27T08:22:49","guid":{"rendered":"https:\/\/firagran.com\/?p=17919"},"modified":"2026-04-27T10:22:49","modified_gmt":"2026-04-27T08:22:49","slug":"este-27-de-mayo-todo-el-mundo-a-bailar-en-firagran","status":"publish","type":"post","link":"https:\/\/firagran.com\/es\/este-27-de-mayo-todo-el-mundo-a-bailar-en-firagran\/","title":{"rendered":"Este 27 de mayo, todo el mundo a bailar en FiraGran"},"content":{"rendered":"<p>El baile es mucho m\u00e1s que mover el cuerpo al ritmo de la m\u00fasica: es una de las actividades m\u00e1s completas y beneficiosas que existen, especialmente para las personas mayores. Porque combina ejercicio f\u00edsico, estimula los sentidos, se convierte en una herramienta inmejorable para liberar tensiones y reduce el estr\u00e9s y, sobre todo, abre nuevas oportunidades para crear amistades, socializar y pasarlo bien. Por eso, el baile es uno de los grandes protagonistas de FiraGran, presente en muchas de las actividades programadas, como el gran encuentro de <strong>Baile de M\u00fasica y Movimiento<\/strong> (mi\u00e9rcoles 27 de mayo a las 10h, La Farga de L\u2019Hospitalet).<\/p>\n<p>En esta masterclass, gratuita y abierta a todo el mundo, los participantes podr\u00e1n experimentar el placer del movimiento a trav\u00e9s de la creaci\u00f3n y el aprendizaje de diversas coreograf\u00edas inspiradas en estilos tan variados como los bailes de sal\u00f3n, la danza moderna o el tai chi. Coreograf\u00edas sencillas y guiadas para que todo el mundo pueda seguirlas sin ninguna complejidad.<\/p>\n<p>Las inscripciones son gratuitas y se pueden formalizar antes del 30 de abril enviando un correo a <a href=\"mailto:casals@firagran.com\">casals@firagran.com<\/a>, llamando al tel\u00e9fono 932386868 o<strong> simplemente rellenando un formulario siguiendo <a href=\"https:\/\/docs.google.com\/forms\/d\/e\/1FAIpQLSfmOMu0fky67gzTUfTKRHTuWNh9cdcmz55OlQZ5sdyb8v18Vg\/viewform\" target=\"_blank\" rel=\"noopener\">este enlace.<\/a><\/strong><\/p>\n<p>Este 2026, todo el mundo a bailar en FiraGran.<\/p>\n","protected":false},"excerpt":{"rendered":"<p>El baile es uno de los grandes protagonistas de FiraGran, presente en muchas de las actividades programadas, como el gran encuentro de Baile de M\u00fasica y Movimiento (mi\u00e9rcoles 27 de mayo a las 10h, La Farga de L\u2019Hospitalet).<\/p>\n","protected":false},"author":1,"featured_media":17901,"comment_status":"closed","ping_status":"closed","sticky":false,"template":"","format":"standard","meta":{"footnotes":""},"categories":[106],"tags":[],"class_list":["post-17919","post","type-post","status-publish","format-standard","has-post-thumbnail","hentry","category-firagran-es"],"_links":{"self":[{"href":"https:\/\/firagran.com\/es\/wp-json\/wp\/v2\/posts\/17919","targetHints":{"allow":["GET"]}}],"collection":[{"href":"https:\/\/firagran.com\/es\/wp-json\/wp\/v2\/posts"}],"about":[{"href":"https:\/\/firagran.com\/es\/wp-json\/wp\/v2\/types\/post"}],"author":[{"embeddable":true,"href":"https:\/\/firagran.com\/es\/wp-json\/wp\/v2\/users\/1"}],"replies":[{"embeddable":true,"href":"https:\/\/firagran.com\/es\/wp-json\/wp\/v2\/comments?post=17919"}],"version-history":[{"count":1,"href":"https:\/\/firagran.com\/es\/wp-json\/wp\/v2\/posts\/17919\/revisions"}],"predecessor-version":[{"id":17920,"href":"https:\/\/firagran.com\/es\/wp-json\/wp\/v2\/posts\/17919\/revisions\/17920"}],"wp:featuredmedia":[{"embeddable":true,"href":"https:\/\/firagran.com\/es\/wp-json\/wp\/v2\/media\/17901"}],"wp:attachment":[{"href":"https:\/\/firagran.com\/es\/wp-json\/wp\/v2\/media?parent=17919"}],"wp:term":[{"taxonomy":"category","embeddable":true,"href":"https:\/\/firagran.com\/es\/wp-json\/wp\/v2\/categories?post=17919"},{"taxonomy":"post_tag","embeddable":true,"href":"https:\/\/firagran.com\/es\/wp-json\/wp\/v2\/tags?post=17919"}],"curies":[{"name":"wp","href":"https:\/\/api.w.org\/{rel}","templated":true}]}}