{"id":17923,"date":"2026-04-27T10:25:20","date_gmt":"2026-04-27T08:25:20","guid":{"rendered":"https:\/\/firagran.com\/?p=17923"},"modified":"2026-04-27T10:25:20","modified_gmt":"2026-04-27T08:25:20","slug":"vuelve-la-trobada-sardanista-a-firagran","status":"publish","type":"post","link":"https:\/\/firagran.com\/es\/vuelve-la-trobada-sardanista-a-firagran\/","title":{"rendered":"Vuelve la Trobada Sardanista a FiraGran"},"content":{"rendered":"<p>Dicen que cuando bailas una sardana, no es el tiempo lo que se detiene: es la soledad la que desaparece. Y en FiraGran lo sabemos bien. Por eso, desde hace a\u00f1os celebramos una gran <strong>Trobada Sardanista<\/strong>, una actividad que pretende despertar recuerdos, poner el coraz\u00f3n en marcha e invitar a todo el mundo a formar parte de nuestra gran rotllana.<\/p>\n<p>Este a\u00f1o la cita tendr\u00e1 lugar el pr\u00f3ximo 28 de mayo a las 16 h en la plaza del Ayuntamiento de L\u2019Hospitalet. All\u00ed ser\u00e1 donde los grupos y asociaciones participantes se reencontrar\u00e1n con toda una comunidad que mantiene viva la llama de nuestra cultura y que a\u00f1o tras a\u00f1o vuelve a este encuentro para bailar, compartir risas y demostrar que el esp\u00edritu sardanista est\u00e1 m\u00e1s vivo que nunca.<\/p>\n<p>Al finalizar el baile, habr\u00e1 merienda y obsequios para todos en las instalaciones de FiraGran de La Farga de L\u2019Hospitalet, un recuerdo de la<strong> Trobada Sardanista de Colles Veteranas 2026.<\/strong><\/p>\n<p>Los interesados en participar pueden inscribirse antes del 30 de abril <a href=\"https:\/\/firagran.com\/es\/salon-de-las-personas-mayores-de-cataluna\/encuentro-sardanista\/\"><strong>a trav\u00e9s del formulario de la web.<\/strong><\/a><\/p>\n","protected":false},"excerpt":{"rendered":"<p>Este a\u00f1o la cita tendr\u00e1 lugar el pr\u00f3ximo 28 de mayo a las 16 h en la plaza del Ayuntamiento de L\u2019Hospitalet. All\u00ed ser\u00e1 donde los grupos y asociaciones participantes se reencontrar\u00e1n con toda una comunidad que mantiene viva la llama de nuestra cultura y que a\u00f1o tras a\u00f1o vuelve a este encuentro para bailar, compartir risas y demostrar que el esp\u00edritu sardanista est\u00e1 m\u00e1s vivo que nunca.<\/p>\n","protected":false},"author":1,"featured_media":17907,"comment_status":"closed","ping_status":"closed","sticky":false,"template":"","format":"standard","meta":{"footnotes":""},"categories":[106],"tags":[],"class_list":["post-17923","post","type-post","status-publish","format-standard","has-post-thumbnail","hentry","category-firagran-es"],"_links":{"self":[{"href":"https:\/\/firagran.com\/es\/wp-json\/wp\/v2\/posts\/17923","targetHints":{"allow":["GET"]}}],"collection":[{"href":"https:\/\/firagran.com\/es\/wp-json\/wp\/v2\/posts"}],"about":[{"href":"https:\/\/firagran.com\/es\/wp-json\/wp\/v2\/types\/post"}],"author":[{"embeddable":true,"href":"https:\/\/firagran.com\/es\/wp-json\/wp\/v2\/users\/1"}],"replies":[{"embeddable":true,"href":"https:\/\/firagran.com\/es\/wp-json\/wp\/v2\/comments?post=17923"}],"version-history":[{"count":1,"href":"https:\/\/firagran.com\/es\/wp-json\/wp\/v2\/posts\/17923\/revisions"}],"predecessor-version":[{"id":17924,"href":"https:\/\/firagran.com\/es\/wp-json\/wp\/v2\/posts\/17923\/revisions\/17924"}],"wp:featuredmedia":[{"embeddable":true,"href":"https:\/\/firagran.com\/es\/wp-json\/wp\/v2\/media\/17907"}],"wp:attachment":[{"href":"https:\/\/firagran.com\/es\/wp-json\/wp\/v2\/media?parent=17923"}],"wp:term":[{"taxonomy":"category","embeddable":true,"href":"https:\/\/firagran.com\/es\/wp-json\/wp\/v2\/categories?post=17923"},{"taxonomy":"post_tag","embeddable":true,"href":"https:\/\/firagran.com\/es\/wp-json\/wp\/v2\/tags?post=17923"}],"curies":[{"name":"wp","href":"https:\/\/api.w.org\/{rel}","templated":true}]}}