{"id":17928,"date":"2026-04-27T10:30:05","date_gmt":"2026-04-27T08:30:05","guid":{"rendered":"https:\/\/firagran.com\/fernando-fuster-fabra-sitges-voluntaris-socials-accio-en-blau-y-observatori-cat\/"},"modified":"2026-04-27T10:33:31","modified_gmt":"2026-04-27T08:33:31","slug":"fernando-fuster-fabra-sitges-voluntaris-socials-accio-en-blau-y-observatori-cat","status":"publish","type":"post","link":"https:\/\/firagran.com\/es\/fernando-fuster-fabra-sitges-voluntaris-socials-accio-en-blau-y-observatori-cat\/","title":{"rendered":"Fernando Fuster Fabra, Sitges Voluntaris Socials, Acci\u00f3 en Blau y Observatori Cat"},"content":{"rendered":"<div class=\"fusion-fullwidth fullwidth-box fusion-builder-row-1 fusion-flex-container nonhundred-percent-fullwidth non-hundred-percent-height-scrolling\" style=\"--awb-border-radius-top-left:0px;--awb-border-radius-top-right:0px;--awb-border-radius-bottom-right:0px;--awb-border-radius-bottom-left:0px;--awb-flex-wrap:wrap;\" ><div class=\"fusion-builder-row fusion-row fusion-flex-align-items-flex-start fusion-flex-content-wrap\" style=\"max-width:1248px;margin-left: calc(-4% \/ 2 );margin-right: calc(-4% \/ 2 );\"><div class=\"fusion-layout-column fusion_builder_column fusion-builder-column-0 fusion_builder_column_1_1 1_1 fusion-flex-column\" style=\"--awb-bg-size:cover;--awb-width-large:100%;--awb-margin-top-large:0px;--awb-spacing-right-large:1.92%;--awb-margin-bottom-large:0px;--awb-spacing-left-large:1.92%;--awb-width-medium:100%;--awb-spacing-right-medium:1.92%;--awb-spacing-left-medium:1.92%;--awb-width-small:100%;--awb-spacing-right-small:1.92%;--awb-spacing-left-small:1.92%;\"><div class=\"fusion-column-wrapper fusion-flex-justify-content-flex-start fusion-content-layout-column\"><div class=\"fusion-text fusion-text-1\"><h4><strong><em>\u201cLa clave para envejecer con dignidad pasa por la participaci\u00f3n ciudadana en las pol\u00edticas p\u00fablicas\u201d<\/em><\/strong><\/h4>\n<div style=\"width: 100%; height: 30px;\"><\/div>\n<p>Fernando Fuster Fabra, impulsor y referente de <strong>Sitges Voluntaris Socials<\/strong> -desde 2015, una de las entidades presentes en FiraGran-, cuenta con una trayectoria vital y personal vinculada a la acci\u00f3n social inclusiva y a la defensa de la dignidad de las personas, especialmente de las personas mayores.<\/p>\n<p>Nacido en Manila en el seno de una familia de arraigo catal\u00e1n, tras pasar por varios continentes, instal\u00f3 su residencia en Sitges en 2010. Pero lejos de entender esta nueva etapa catalana como un retiro, Fuster Fabra aprovecha su vitalidad, su experiencia y sus ganas de aportar a la sociedad para seguir \u201ccon la mente, el alma y el cuerpo en activo en una actividad que siempre hab\u00eda formado parte de m\u00ed: el acci\u00f3n social inclusiva\u201d.<\/p>\n<p>Y lo hace dando forma a iniciativas que hoy son clave en el tejido comunitario local. As\u00ed, por ejemplo, en 2012 impulsa el <strong>Banc del Temps de Sitges<\/strong> y, un a\u00f1o despu\u00e9s, funda Sitges Voluntaris Socials junto a un equipo intergeneracional, multicultural y multidisciplinar, pero que bajo un mismo objetivo compartido: construir una sociedad m\u00e1s cohesionada, respetuosa y plural. Bajo este paraguas nace tambi\u00e9n <strong>Acci\u00f3 en Blau,<\/strong> una plataforma transversal de acci\u00f3n social, solidaria y sostenible. En 2014 participa en la creaci\u00f3n del <strong>Observatori d\u2019Igualtat de Tracte i Oportunitats de Catalunya (Observatori Cat)<\/strong>, articulado bajo el lema \u201cLes Persones Primer\u201d, hoy referente mundial en equidad y diversidad con perspectiva de g\u00e9nero en la transformaci\u00f3n innovadora de democracias participativas.<\/p>\n<ul>\n<li style=\"margin-bottom: 30px;\"><strong>\u00bfC\u00f3mo describir\u00eda hoy la realidad de las personas mayores desde una perspectiva de g\u00e9nero? \u00bfD\u00f3nde est\u00e1n las principales desigualdades?<br \/>\n<\/strong>Las sociedades civiles, incluso en democracias consolidadas como la nuestra, siguen mostrando desigualdades en el trato entre mujeres y hombres. Esta brecha es evidente en el \u00e1mbito laboral, pero tambi\u00e9n afecta a un colectivo a menudo invisibilizado: las personas cuidadoras no profesionales de familiares dependientes, un debate que estar\u00e1 presente en esta edici\u00f3n de FiraGran.A esta realidad se suma la situaci\u00f3n de muchas mujeres mayores, que no perciben pensiones justas y contin\u00faan asumiendo el cuidado de las generaciones m\u00e1s j\u00f3venes. Asimismo, persiste la discriminaci\u00f3n dentro del colectivo LGBTIQ+, especialmente hacia las personas mayores y, de forma m\u00e1s acusada, hacia las mujeres trans.<\/p>\n<p>En este contexto, y desde nuestra primera participaci\u00f3n en FiraGran en 2015 \u2014fuimos el primer stand del colectivo LGBTIQ+\u2014, continuamos trabajando para sensibilizar y promover los derechos ciudadanos, y poniendo a disposici\u00f3n de los visitantes recursos institucionales orientados a fomentar la igualdad, la diversidad y la participaci\u00f3n en una sociedad m\u00e1s justa e inclusiva.<\/li>\n<li style=\"margin-bottom: 30px;\"><strong>En su experiencia con Sitges Voluntaris, \u00bfqu\u00e9 diferencias observa entre hombres y mujeres mayores en t\u00e9rminos de participaci\u00f3n social?<br \/>\n<\/strong>En nuestro caso dual, voluntariado e intercambio de tiempo, nuestra experiencia es que participan bastante equitativamente sin gran diferencia por su identidad de g\u00e9nero ni tampoco por razones de edad. Durante la pandemia, eso s\u00ed, el voluntariado fue mayoritariamente joven, mientras que las personas mayores actuaron principalmente como receptoras de apoyo.Pero a partir de ah\u00ed, impulsamos un modelo m\u00e1s equilibrado a trav\u00e9s del Banc del Temps de Sitges, donde las personas mayores pasaron a tener tambi\u00e9n un papel activo ofreciendo mentor\u00eda y conocimientos. Este sistema ha generado un efecto en cadena que ha fortalecido la comunidad y que se ha extendido m\u00e1s all\u00e1 de Sitges, consolidando nuestro \u201cModelo Sitges\u201d, un modelo participativo, inclusivo y replicable en otros territorios.<\/li>\n<li style=\"margin-bottom: 30px;\"><strong>\u00bfQu\u00e9 significa envejecer con dignidad desde una perspectiva de g\u00e9nero?<br \/>\n<\/strong>Significa respeto a la persona, sin menospreciarla por cualidades individuales, ya sea por razones de edad o identidad de g\u00e9nero. Desde Sitges Voluntaris Socials, Acci\u00f3 en Blau y el Observatori d\u2019Igualtat de Tracte i Oportunitats de Catalunya defendemos, desde nuestros inicios, la equidad en la diversidad social. Este enfoque se concreta en el Modelo Sitges, premiado hace unos a\u00f1os por FiraGran por su apoyo al colectivo LGBTIQ+, aunque su alcance es m\u00e1s amplio, con una mirada transversal e interseccional.Actualmente, impulsamos el programa IMPULSED\u00a0 (Unnovation Motivated by People United to Lead Social Equity in Diversity), con el apoyo de People Powered y Open Government Partnership (Washinton DC), que refuerza este modelo como referente en innovaci\u00f3n democr\u00e1tica basada en la participaci\u00f3n ciudadana.<\/p>\n<p>La clave para envejecer con dignidad pasa porque las administraciones adopten una visi\u00f3n transversal y faciliten mecanismos reales de co-dise\u00f1o de pol\u00edticas p\u00fablicas, incorporando activamente a la ciudadan\u00eda en las decisiones sociales, econ\u00f3micas y culturales.<\/li>\n<li style=\"margin-bottom: 30px;\"><strong>Este a\u00f1o FiraGran pone el foco en las personas cuidadoras no profesionales. \u00bfQu\u00e9 papel juegan las mujeres en este \u00e1mbito y qu\u00e9 consecuencias tiene?<br \/>\n<\/strong>El cuidado, tanto profesional como no profesional tiene, mayoritariamente, rostro femenino.\u00a0 Precisamente, ya en la edici\u00f3n 2025, y en el marco de nuestro enfoque sobre derechos fundamentales en la diversidad, invitamos a participar en nuestro stand a Cuidadores Familiars, una entidad que trabaja para dar apoyo a las cuidadoras no profesionales. Este a\u00f1o, esperamos que tambi\u00e9n puedan venir para abordar esta realidad y dar recursos a las mujeres cuidadoras.<\/li>\n<li style=\"margin-bottom: 30px;\"><strong>\u00bfEstamos reconociendo suficientemente el trabajo de las cuidadoras no profesionales?<br \/>\n<\/strong>A nuestro entender, rotundamente NO. A las cuidadoras no profesionales -que pr\u00e1cticamente en su totalidad son familiares de las personas dependientes asistidas-, no se les reconoce dicho trabajo ni por parte de las administraciones p\u00fablicas competentes, ni tampoco, en numerosas ocasiones, por parte de las miembros de la propia familia.<br \/>\nEstas cuidadoras acaban emocionalmente y f\u00edsicamente \u2018quemadas\u2019, y el sistema sanitario no tiene previsto la atenci\u00f3n emocional de \u00e9stas, ni tampoco la m\u00e9dica.<\/li>\n<li style=\"margin-bottom: 30px;\"><strong>\u00bfQu\u00e9 tipo de apoyo real necesitar\u00edan hoy las personas cuidadoras no profesionales para no quedar desbordadas?<br \/>\n<\/strong>Los principales obst\u00e1culos para las cuidadoras familiares \u2014mayoritariamente mujeres mayores de 45 a\u00f1os\u2014 son la burocracia, las listas de espera y la falta de informaci\u00f3n sobre sus derechos y servicios de &#8216;respiro&#8217;. Esta desprotecci\u00f3n es cr\u00edtica en zonas rurales, donde la ausencia de puntos de atenci\u00f3n directa eleva el riesgo de que la cuidadora acabe convirti\u00e9ndose, a su vez, en persona dependiente.Hay que transformar la estructura vertical de atenci\u00f3n a las personas dependientes y sus respectivas personas cuidadoras, utilizando una estrategia transversal de implementaci\u00f3n, formaci\u00f3n y cuidados de auto cura para las personas cuidadoras, en las cuales participen Salut, Drets Socials y Igualtat i Feminisme, de la misma manera que ya se ha comenzado a hacer en las residencias gestionadas por Generalitat de Catalunya.<\/li>\n<li style=\"margin-bottom: 30px;\"><strong>\u00bfQu\u00e9 iniciativas est\u00e1n funcionando mejor para empoderar a las mujeres mayores?<br \/>\n<\/strong>En Catalunya, llevamos unos a\u00f1os trabajando con resultados positivos el empoderamiento de las mujeres, y ahora, con el nombramiento de un Director General de Gent Gran, se dar\u00e1 un empuj\u00f3n al empoderamiento de las mujeres mayores.<br \/>\nDesde Observatori Cat pretendemos acompa\u00f1ar la implantaci\u00f3n de esa Direcci\u00f3n General, aportando nuestras propuestas innovadoras, algunos ya demostradas en acciones desde 2014 y otras con visi\u00f3n hacia la transformaci\u00f3n disruptiva de h\u00e1bitos caducos como es el machismo y la supremac\u00eda patriarcal en las estructuras de los cuidados. Para ello propondremos nuestra visi\u00f3n del uso del tiempo hacia la calidad de vida.<\/li>\n<li style=\"margin-bottom: 30px;\"><strong>\u00bfC\u00f3mo puede el voluntariado contribuir a reducir las brechas de g\u00e9nero en la vejez?<br \/>\n<\/strong>En nuestra opini\u00f3n, ya hemos demostrado que hay soluciones bien innovadoras como es la covivienda intergeneracional, que requiere un cambio de mentalidad en la atenci\u00f3n de los miembros mayores y dependientes de nuestras familias.Ante la escasez de vivienda para la juventud y la frecuente situaci\u00f3n laboral que impide a los familiares directos a compartir vivienda con sus personas mayores o dependientes, hemos propuesto y ya se est\u00e1 experimentando con un voluntariado que brinda su tiempo a cambio de una remuneraci\u00f3n en alojamiento.<\/p>\n<p>Dicha acci\u00f3n debe implicar a las generaciones m\u00e1s j\u00f3venes, para su sensibilizaci\u00f3n y proceso de aprendizaje en acompa\u00f1amiento social sin discriminaci\u00f3n por razones de g\u00e9nero.<\/p>\n<p>Para su efectiva puesta a prueba a nivel territorial, Generalitat de Catalunya debe poner a disposici\u00f3n de entidades de innovaci\u00f3n democr\u00e1tica como la nuestra los medios para llevar a cabo este tipo de experiencia. No basta con otorgar importantes sumas de ayuda econ\u00f3mica a las grandes entidades cuyas actuaciones se acomodan en lo tradicional con escasa visi\u00f3n para innovar.<\/li>\n<li style=\"margin-bottom: 30px;\"><strong>\u00bfQu\u00e9 espera encontrar en esta edici\u00f3n de FiraGran?<br \/>\n<\/strong>Estamos expectantes por participar en las sesiones sobre personas cuidadoras que se celebrar\u00e1n por primera vez este a\u00f1o, esperando que nuestras compa\u00f1eras de Ciudadores Familiars participen.Y esperamos poder convencer a nuestros compa\u00f1eros de la Fundaci\u00f3 Ave Maria de Sitges a estar presentes en nuestro estand del Espacio Emocional, para que informen de su singular proyecto de viviendas sociales para personas con disfunciones, as\u00ed como de su servicio de atenci\u00f3n SAD de proximidad.<\/p>\n<p>Adem\u00e1s, si finalmente pueden participar, el Instituto de Rob\u00f3tica para la Dependencia, que es miembro de Red Soledades, nos podr\u00e1n mostrar interesantes avances en su campo de acompa\u00f1amiento a las personas dependientes y cuidadoras.<\/li>\n<li style=\"margin-bottom: 30px;\"><strong>Si tuviera que lanzar un mensaje claro a las personas que a\u00fan dudan si ir o no a FiraGran, \u00bfcu\u00e1l ser\u00eda?<br \/>\n<\/strong>Hoy, FiraGran es mucho m\u00e1s que una feria festiva. Las personas mayores y sus familias deben venir a ver lo que est\u00e1 ya poni\u00e9ndose en pr\u00e1ctica para mejorar la calidad de vida de nuestras personas mayores, y de todos los que ir\u00e1n haci\u00e9ndose mayores.<br \/>\n\u00a1Venid a Fira Gran para saber que os espera!<\/li>\n<\/ul>\n<\/div><\/div><\/div><\/div><\/div>\n","protected":false},"excerpt":{"rendered":"<p>\u201cLa clave para envejecer con dignidad pasa por la participaci\u00f3n ciudadana en las pol\u00edticas p\u00fablicas\u201d<\/p>\n","protected":false},"author":1,"featured_media":17897,"comment_status":"closed","ping_status":"closed","sticky":false,"template":"","format":"standard","meta":{"footnotes":""},"categories":[74,106],"tags":[],"class_list":["post-17928","post","type-post","status-publish","format-standard","has-post-thumbnail","hentry","category-entrevistas","category-firagran-es"],"_links":{"self":[{"href":"https:\/\/firagran.com\/es\/wp-json\/wp\/v2\/posts\/17928","targetHints":{"allow":["GET"]}}],"collection":[{"href":"https:\/\/firagran.com\/es\/wp-json\/wp\/v2\/posts"}],"about":[{"href":"https:\/\/firagran.com\/es\/wp-json\/wp\/v2\/types\/post"}],"author":[{"embeddable":true,"href":"https:\/\/firagran.com\/es\/wp-json\/wp\/v2\/users\/1"}],"replies":[{"embeddable":true,"href":"https:\/\/firagran.com\/es\/wp-json\/wp\/v2\/comments?post=17928"}],"version-history":[{"count":2,"href":"https:\/\/firagran.com\/es\/wp-json\/wp\/v2\/posts\/17928\/revisions"}],"predecessor-version":[{"id":17930,"href":"https:\/\/firagran.com\/es\/wp-json\/wp\/v2\/posts\/17928\/revisions\/17930"}],"wp:featuredmedia":[{"embeddable":true,"href":"https:\/\/firagran.com\/es\/wp-json\/wp\/v2\/media\/17897"}],"wp:attachment":[{"href":"https:\/\/firagran.com\/es\/wp-json\/wp\/v2\/media?parent=17928"}],"wp:term":[{"taxonomy":"category","embeddable":true,"href":"https:\/\/firagran.com\/es\/wp-json\/wp\/v2\/categories?post=17928"},{"taxonomy":"post_tag","embeddable":true,"href":"https:\/\/firagran.com\/es\/wp-json\/wp\/v2\/tags?post=17928"}],"curies":[{"name":"wp","href":"https:\/\/api.w.org\/{rel}","templated":true}]}}