{"id":17933,"date":"2026-04-27T10:36:19","date_gmt":"2026-04-27T08:36:19","guid":{"rendered":"https:\/\/firagran.com\/?p=17933"},"modified":"2026-04-27T10:36:19","modified_gmt":"2026-04-27T08:36:19","slug":"cuida-el-nuevo-punto-de-encuentro-para-los-profesionales-en-la-atencion-de-las-personas-mayores","status":"publish","type":"post","link":"https:\/\/firagran.com\/es\/cuida-el-nuevo-punto-de-encuentro-para-los-profesionales-en-la-atencion-de-las-personas-mayores\/","title":{"rendered":"CUIDA, el nuevo punto de encuentro para los profesionales en la atenci\u00f3n de las personas mayores"},"content":{"rendered":"<p>Los pr\u00f3ximos 27 y 28 de mayo, compartiendo espacio con el Sal\u00f3n FiraGran en La Farga de L\u2019Hospitalet, se estrena la primera edici\u00f3n de <a href=\"https:\/\/expocuida.com\/\" target=\"_blank\" rel=\"noopener\"><strong>CUIDA<\/strong><\/a>, un encuentro profesional dise\u00f1ado exclusivamente para empresas, entidades y profesionales vinculados al cuidado y atenci\u00f3n de las personas mayores, desde centros residenciales y viviendas asistidas hasta profesionales del SAD (Servicio de Atenci\u00f3n Domiciliaria), del sector social, sanitario y sociosanitario, as\u00ed como proveedores de productos, servicios y tecnolog\u00eda especializada.<\/p>\n<p>Un certamen que se articular\u00e1 a trav\u00e9s de una zona expositiva para dar a conocer empresas del sector y de un congreso que acoger\u00e1 conferencias, mesas redondas, presentaciones, talleres pr\u00e1cticos y espacios para el networking y el intercambio de conocimiento y experiencias.<\/p>\n<p>Esta propuesta se complementar\u00e1 con el Innovation Hub, donde se presentar\u00e1n las \u00faltimas tendencias en tecnolog\u00eda asistencial, novedades de empresas expositoras y un espacio dise\u00f1ado para generar contactos de calidad y alianzas estrat\u00e9gicas.<\/p>\n<p>As\u00ed, mientras <strong>FiraGran<\/strong> sigue siendo el gran espacio de participaci\u00f3n para las personas mayores, <strong>CUIDA,<\/strong> que nace de la mano de la Fundaci\u00f3n FiraGran, permitir\u00e1 crear un entorno especializado donde compartir conocimiento y descubrir las \u00faltimas innovaciones en atenci\u00f3n a la dependencia. Un nuevo certamen que complementa el Sal\u00f3n firaGran, una cita consolidada en el calendaio que este a\u00f1o celebrar\u00e1 su 27\u00aa edici\u00f3n del 27 al 29 de mayo. Toda la informaci\u00f3n para profesionales en <a href=\"http:\/\/www.expocuida.com\" target=\"_blank\" rel=\"noopener\"><strong>www.expocuida.com<\/strong><\/a>.<\/p>\n","protected":false},"excerpt":{"rendered":"<p>Compartiendo espacio con FiraGran, se estrena la primera edici\u00f3n de CUIDA, un encuentro profesional dise\u00f1ado exclusivamente para empresas, entidades y profesionales vinculados al cuidado y atenci\u00f3n de las personas mayores, desde centros residenciales y viviendas asistidas hasta profesionales del SAD, del sector social, sanitario y sociosanitario, as\u00ed como proveedores de productos, servicios y tecnolog\u00eda especializada.<\/p>\n","protected":false},"author":1,"featured_media":17903,"comment_status":"closed","ping_status":"closed","sticky":false,"template":"","format":"standard","meta":{"footnotes":""},"categories":[106],"tags":[],"class_list":["post-17933","post","type-post","status-publish","format-standard","has-post-thumbnail","hentry","category-firagran-es"],"_links":{"self":[{"href":"https:\/\/firagran.com\/es\/wp-json\/wp\/v2\/posts\/17933","targetHints":{"allow":["GET"]}}],"collection":[{"href":"https:\/\/firagran.com\/es\/wp-json\/wp\/v2\/posts"}],"about":[{"href":"https:\/\/firagran.com\/es\/wp-json\/wp\/v2\/types\/post"}],"author":[{"embeddable":true,"href":"https:\/\/firagran.com\/es\/wp-json\/wp\/v2\/users\/1"}],"replies":[{"embeddable":true,"href":"https:\/\/firagran.com\/es\/wp-json\/wp\/v2\/comments?post=17933"}],"version-history":[{"count":1,"href":"https:\/\/firagran.com\/es\/wp-json\/wp\/v2\/posts\/17933\/revisions"}],"predecessor-version":[{"id":17934,"href":"https:\/\/firagran.com\/es\/wp-json\/wp\/v2\/posts\/17933\/revisions\/17934"}],"wp:featuredmedia":[{"embeddable":true,"href":"https:\/\/firagran.com\/es\/wp-json\/wp\/v2\/media\/17903"}],"wp:attachment":[{"href":"https:\/\/firagran.com\/es\/wp-json\/wp\/v2\/media?parent=17933"}],"wp:term":[{"taxonomy":"category","embeddable":true,"href":"https:\/\/firagran.com\/es\/wp-json\/wp\/v2\/categories?post=17933"},{"taxonomy":"post_tag","embeddable":true,"href":"https:\/\/firagran.com\/es\/wp-json\/wp\/v2\/tags?post=17933"}],"curies":[{"name":"wp","href":"https:\/\/api.w.org\/{rel}","templated":true}]}}