{"id":17939,"date":"2026-04-27T10:47:59","date_gmt":"2026-04-27T08:47:59","guid":{"rendered":"https:\/\/firagran.com\/?p=17939"},"modified":"2026-04-27T10:47:59","modified_gmt":"2026-04-27T08:47:59","slug":"prepara-las-zapatillas-y-la-gorra-llega-la-caminata-firagran-2026","status":"publish","type":"post","link":"https:\/\/firagran.com\/es\/prepara-las-zapatillas-y-la-gorra-llega-la-caminata-firagran-2026\/","title":{"rendered":"Prepara las zapatillas y la gorra: llega la Caminata FiraGran 2026"},"content":{"rendered":"<p>No hay duda de que moverse es la mejor receta para un envejecimiento lleno de vitalidad y salud. Por eso, desde FiraGran invitamos a todo el mundo a participar en la que es, sin duda, una de las actividades estrella, y tambi\u00e9n la m\u00e1s multitudinaria: la <strong>Caminata FiraGran<\/strong>, un acto organizado este a\u00f1o por GAES, que tendr\u00e1 lugar el viernes 29 a partir de las 10 horas (se recomienda acudir al punto de salida media hora antes).<\/p>\n<p>El recorrido es un circuito circular de 3,5 km con inicio y final en La Farga, f\u00e1cil y accesible, para que todo el mundo pueda disfrutarlo. Un paseo que permitir\u00e1 descubrir algunos de los puntos m\u00e1s emblem\u00e1ticos de L\u2019Hospitalet a un ritmo pausado y constante para poder disfrutarlo y compartirlo. Porque, como todas las actividades de FiraGran, el objetivo es crear comunidad, socializar y, por qu\u00e9 no, hacer nuevas amistades.<\/p>\n<p>A la vuelta a La Farga, todos los participantes de la Caminata, organizada con el apoyo de GAES, podr\u00e1n participar en una sesi\u00f3n de tai chi \/ chi kung, una propuesta de relajaci\u00f3n y conexi\u00f3n corporal para completar la experiencia. Adem\u00e1s, todos los participantes recibir\u00e1n una camiseta conmemorativa de esta edici\u00f3n y una botella de agua.<\/p>\n<p>As\u00ed que ya lo sabes: prepara ropa c\u00f3moda, zapatillas deportivas, gorra y crema solar, y ven con ganas. Eso s\u00ed, aunque la actividad es totalmente gratuita, requiere inscripci\u00f3n previa a trav\u00e9s del correo <a href=\"mailto:casals@firagran.com\">casals@firagran.com<\/a>, del tel\u00e9fono 932 386 868 o v\u00eda web rellenando el formulario que encontrar\u00e1s en<strong> <a href=\"https:\/\/docs.google.com\/forms\/d\/e\/1FAIpQLSe7tZ10LZjb2yvhh_laU19E33A1B9mZwwB3LtTLUxA-6BEjgg\/viewform\" target=\"_blank\" rel=\"noopener\">este enlace.<\/a><\/strong><\/p>\n","protected":false},"excerpt":{"rendered":"<p>Desde FiraGran invitamos a todo el mundo a participar en la que es, sin duda, una de las actividades estrella, y tambi\u00e9n la m\u00e1s multitudinaria: la Caminata FiraGran, que tendr\u00e1 lugar el viernes 29 a partir de las 10 horas.<\/p>\n","protected":false},"author":1,"featured_media":17895,"comment_status":"closed","ping_status":"closed","sticky":false,"template":"","format":"standard","meta":{"footnotes":""},"categories":[106],"tags":[],"class_list":["post-17939","post","type-post","status-publish","format-standard","has-post-thumbnail","hentry","category-firagran-es"],"_links":{"self":[{"href":"https:\/\/firagran.com\/es\/wp-json\/wp\/v2\/posts\/17939","targetHints":{"allow":["GET"]}}],"collection":[{"href":"https:\/\/firagran.com\/es\/wp-json\/wp\/v2\/posts"}],"about":[{"href":"https:\/\/firagran.com\/es\/wp-json\/wp\/v2\/types\/post"}],"author":[{"embeddable":true,"href":"https:\/\/firagran.com\/es\/wp-json\/wp\/v2\/users\/1"}],"replies":[{"embeddable":true,"href":"https:\/\/firagran.com\/es\/wp-json\/wp\/v2\/comments?post=17939"}],"version-history":[{"count":1,"href":"https:\/\/firagran.com\/es\/wp-json\/wp\/v2\/posts\/17939\/revisions"}],"predecessor-version":[{"id":17940,"href":"https:\/\/firagran.com\/es\/wp-json\/wp\/v2\/posts\/17939\/revisions\/17940"}],"wp:featuredmedia":[{"embeddable":true,"href":"https:\/\/firagran.com\/es\/wp-json\/wp\/v2\/media\/17895"}],"wp:attachment":[{"href":"https:\/\/firagran.com\/es\/wp-json\/wp\/v2\/media?parent=17939"}],"wp:term":[{"taxonomy":"category","embeddable":true,"href":"https:\/\/firagran.com\/es\/wp-json\/wp\/v2\/categories?post=17939"},{"taxonomy":"post_tag","embeddable":true,"href":"https:\/\/firagran.com\/es\/wp-json\/wp\/v2\/tags?post=17939"}],"curies":[{"name":"wp","href":"https:\/\/api.w.org\/{rel}","templated":true}]}}