{"id":3011,"date":"2017-04-10T17:22:31","date_gmt":"2017-04-10T16:22:31","guid":{"rendered":"https:\/\/firagran.com\/barcelona-tindra-1-577-habitatges-tutelats-per-a-gent-gran\/"},"modified":"2017-05-23T17:00:40","modified_gmt":"2017-05-23T16:00:40","slug":"barcelona-tendra-1-577-viviendas-tuteladas-para-personas-mayores","status":"publish","type":"post","link":"https:\/\/firagran.com\/es\/barcelona-tendra-1-577-viviendas-tuteladas-para-personas-mayores\/","title":{"rendered":"Barcelona tendr\u00e1 1.577 viviendas tuteladas para personas mayores"},"content":{"rendered":"<p>Hace un mes que el Ayuntamiento de Barcelona puso en marcha el \u00faltimo proceso para adjudicar las pr\u00f3ximas promociones de viviendas destinadas a la gente mayor que ya se est\u00e1n construyendo o que se iniciar\u00e1n en breve. Son\u00a0178 viviendas, repartidas en tres promociones. Una en la calle Pere IV, de 29 viviendas; otra promoci\u00f3n en la zona\u00a0de Glorias, de 105 pisos, y, finalmente, en\u00a0la calle de la Infanta\u00a0Isabel, en Sarri\u00e1-Sant Gervasi, de 44 viviendas.<\/p>\n<p>Las viviendas con servicios para las personas mayores\u00a0son equipamientos gestionados por el\u00a0<a href=\"http:\/\/www.pmhb.org\/\" target=\"_blank\" rel=\"nofollow noopener noreferrer\" data-gtm-element=\"container-child-link\">Patronato Municipal de la Vivienda<\/a>\u00a0y dotados de servicios de atenci\u00f3n a las personas que ofrece el \u00e1rea de \u00a0<a href=\"http:\/\/w110.bcn.cat\/portal\/site\/Ajuntament\/menuitem.38c1cee3a16e78f040f740f7a2ef8a0c\/?vgnextoid=460a9e471cef0310VgnVCM10000074fea8c0RCRD&amp;vgnextchannel=460a9e471cef0310VgnVCM10000074fea8c0RCRD&amp;lang=ca_ES\" target=\"_blank\" rel=\"noopener noreferrer\">Calidad\u00a0de Vida, Igualdad y Deportes<\/a>. Para acceder los interesados tienen que pasar por un proceso de adjudicaci\u00f3n y cumplir con una serie de requisitos\u00a0 como ser mayores\u00a0de 65 a\u00f1os, no tener ning\u00fan piso en propiedad o tener uno con problemas de accesibilidad. Tambi\u00e9n es imprescindible tener unos ingresos anuales inferiores a 24.850,47 euros por una persona.<\/p>\n<p>Hace dos a\u00f1os y medio que Antonio Rocasalbas y Maria Fern\u00e1ndez se inscribieron en uno de los sorteos\u00a0y les toc\u00f3 un piso. En concreto, uno de los que hay en la calle de Can Trabe, en el\u00a0distrito de Horta-Guinard\u00f3. Es un conjunto de 87 viviendas de 40 metros cuadrados con cocina-comedor, una habitaci\u00f3n, un lavabo y un balc\u00f3n. Pero lo\u00a0m\u00e1s importante del piso son los servicios de que dispone, espec\u00edficos para la personas mayores. Es un piso adaptado, con servicio de teleasistencia integrado, conserjer\u00eda y servicio de limpieza. Adem\u00e1s, los pisos de Can Trabe tienen un equipo de trabajadoras familiares que velan por la tranquilidad de los vecinos.\u00a0\u201cNo se sienten mayores\u00a0y la palabra residencia les asusta\u201d, dice N\u00faria Lozano, directora de viviendas con servicios para personas mayores\u00a0de Can Trabe.\u00a0\u201cAqu\u00ed es su casa pero tienen esta tranquilidad de que no est\u00e1n s\u00f3lo\u201d. De hecho, en\u00a0las instalaciones disponen de una sala multiusos donde los vecinos pueden jugar, recibir clases o conectarse a internet.<\/p>\n<p><b>Nuevo edificio de viviendas con servicios para\u00a0personas mayores<\/b><\/p>\n<p>La antigua Cl\u00ednica Quir\u00f3n, en\u00a0distrito de Gr\u00e0cia, acoger\u00e1 un centenar de viviendas con servicios para las personas mayores. Es un proyecto del Ayuntamiento de Barcelona que tiene un presupuesto de 17,05 millones de euros y en el qu\u00e9 se incluir\u00e1n, adem\u00e1s, tres equipamientos para el barrio de la Salut y un aparcamiento de 65 plazas de alquiler.<\/p>\n<p>&nbsp;<\/p>\n<p>Fuente:<a href=\"http:\/\/www.lavanguardia.com\/mon-barcelona\/20150122\/54424657110\/pisos-tutelats-gent-gran.html\" target=\"_blank\" rel=\"noopener noreferrer\"><strong> LA\u00a0VANGUARDIA<\/strong><\/a><\/p>\n","protected":false},"excerpt":{"rendered":"<p>Hace un mes que el Ayuntamiento de Barcelona puso en marcha el \u00faltimo proceso para adjudicar las pr\u00f3ximas promociones de viviendas destinadas a la gente mayor que ya se est\u00e1n construyendo o que se iniciar\u00e1n <a href=\"https:\/\/firagran.com\/es\/barcelona-tendra-1-577-viviendas-tuteladas-para-personas-mayores\/\"> [&#8230;]<\/a><\/p>\n","protected":false},"author":1,"featured_media":0,"comment_status":"open","ping_status":"open","sticky":false,"template":"","format":"video","meta":{"footnotes":""},"categories":[71,72],"tags":[],"class_list":["post-3011","post","type-post","status-publish","format-video","hentry","category-dependencia-es","category-residencias-centros-de-dia-y-viviendas-tuteladas","post_format-post-format-video"],"_links":{"self":[{"href":"https:\/\/firagran.com\/es\/wp-json\/wp\/v2\/posts\/3011","targetHints":{"allow":["GET"]}}],"collection":[{"href":"https:\/\/firagran.com\/es\/wp-json\/wp\/v2\/posts"}],"about":[{"href":"https:\/\/firagran.com\/es\/wp-json\/wp\/v2\/types\/post"}],"author":[{"embeddable":true,"href":"https:\/\/firagran.com\/es\/wp-json\/wp\/v2\/users\/1"}],"replies":[{"embeddable":true,"href":"https:\/\/firagran.com\/es\/wp-json\/wp\/v2\/comments?post=3011"}],"version-history":[{"count":2,"href":"https:\/\/firagran.com\/es\/wp-json\/wp\/v2\/posts\/3011\/revisions"}],"predecessor-version":[{"id":3013,"href":"https:\/\/firagran.com\/es\/wp-json\/wp\/v2\/posts\/3011\/revisions\/3013"}],"wp:attachment":[{"href":"https:\/\/firagran.com\/es\/wp-json\/wp\/v2\/media?parent=3011"}],"wp:term":[{"taxonomy":"category","embeddable":true,"href":"https:\/\/firagran.com\/es\/wp-json\/wp\/v2\/categories?post=3011"},{"taxonomy":"post_tag","embeddable":true,"href":"https:\/\/firagran.com\/es\/wp-json\/wp\/v2\/tags?post=3011"}],"curies":[{"name":"wp","href":"https:\/\/api.w.org\/{rel}","templated":true}]}}